{"id":7068,"date":"2013-10-14T03:00:18","date_gmt":"2013-10-14T02:00:18","guid":{"rendered":"http:\/\/sven-ove.nu\/?p=7068"},"modified":"2013-10-14T09:50:43","modified_gmt":"2013-10-14T08:50:43","slug":"gammal-90-talsfavorit-for-negervitsare-och-blondinskamtare","status":"publish","type":"post","link":"https:\/\/sven-ove.nu\/?p=7068","title":{"rendered":"Gammal 90-talsfavorit f\u00f6r negervitsare och blondinsk\u00e4mtare"},"content":{"rendered":"<p>H\u00f6gerns gamla etikett p\u00e5 v\u00e4nstern, \u201dPK\u201d, far fortfarande runt i sociala medier ibland. S\u00e5 h\u00e4r skrev Dagens Nyheters d\u00e5varande ledarskribent <strong>Niklas Ekdal<\/strong> om uttrycket n\u00e4r han uts\u00e5g &#8221;<strong>politiskt korrekt<\/strong>\u201d till 2006 \u00e5rs fr\u00e4msta sk\u00e4llsord. Han skrev om motsatsen ocks\u00e5.<\/p>\n<p><i><a href=\"https:\/\/sven-ove.nu\/wp-content\/uploads\/2013\/10\/Tack-och-bock.jpg\"><img loading=\"lazy\" decoding=\"async\" class=\"size-medium wp-image-6969 alignright\" alt=\"Tack och bock\" src=\"https:\/\/sven-ove.nu\/wp-content\/uploads\/2013\/10\/Tack-och-bock-198x300.jpg\" width=\"198\" height=\"300\" srcset=\"https:\/\/sven-ove.nu\/wp-content\/uploads\/2013\/10\/Tack-och-bock-198x300.jpg 198w, https:\/\/sven-ove.nu\/wp-content\/uploads\/2013\/10\/Tack-och-bock.jpg 288w\" sizes=\"auto, (max-width: 198px) 100vw, 198px\" \/><\/a>\u201dSedan 15 \u00e5r tillbaka \u00e4r detta en st\u00e5ende favorit, oftast utslungad fr\u00e5n h\u00f6ger. &#8217;Politiskt inkorrekt&#8217; har blivit en form av ber\u00f6m i v\u00e5rt p\u00e5st\u00e5tt inst\u00e4ngda debattklimat, syftande p\u00e5 sj\u00e4lvst\u00e4ndigt t\u00e4nkande i form av till exempel negervitsar och blondinsk\u00e4mt. Avsikten med PK-begreppet \u00e4r i grunden att legitimera cynism; jag tror inte p\u00e5 v\u00e4xthuseffekt, j\u00e4mst\u00e4lldhet, bist\u00e5nd, minoriteters r\u00e4ttigheter, sociala reformer, Amnesty och L\u00e4kare utan gr\u00e4nser allts\u00e5 \u00e4r jag lite tuffare.\u201d<\/i><\/p>\n<p><i>Niklas Ekdal, <a href=\"http:\/\/www.dn.se\/ledare\/signerat\/skallsordens-tio-i-topp\">Sk\u00e4llsordens tio-i-topp<\/a>, Dagens Nyheter, 3 dec 2006.<\/i><\/p>\n<p style=\"padding-left: 30px;\"><b>H\u00f6gern beh\u00f6ver det d\u00e4r slagordet f\u00f6r att f\u00f6rs\u00f6ka g\u00f6ra negervitsar, blondinsk\u00e4mt och andra cynismer rumsrena.<\/b><\/p>\n<p style=\"padding-left: 30px;\"><b>Det hj\u00e4lper inte.<\/b><b><\/b><\/p>\n","protected":false},"excerpt":{"rendered":"<p>H\u00f6gerns gamla etikett p\u00e5 v\u00e4nstern, \u201dPK\u201d, far fortfarande runt i sociala medier ibland. S\u00e5 h\u00e4r skrev Dagens Nyheters d\u00e5varande ledarskribent Niklas Ekdal om uttrycket n\u00e4r han uts\u00e5g &#8221;politiskt korrekt\u201d till 2006 \u00e5rs fr\u00e4msta sk\u00e4llsord. Han skrev om motsatsen ocks\u00e5. \u201dSedan 15 \u00e5r tillbaka \u00e4r detta en st\u00e5ende favorit, oftast utslungad fr\u00e5n h\u00f6ger. &#8217;Politiskt inkorrekt&#8217; har &hellip; <a href=\"https:\/\/sven-ove.nu\/?p=7068\" class=\"more-link\">Forts\u00e4tt l\u00e4sa <span class=\"screen-reader-text\">Gammal 90-talsfavorit f\u00f6r negervitsare och blondinsk\u00e4mtare<\/span><\/a><\/p>\n","protected":false},"author":1,"featured_media":0,"comment_status":"open","ping_status":"open","sticky":false,"template":"","format":"standard","meta":{"_crdt_document":"","_monsterinsights_skip_tracking":false,"_monsterinsights_sitenote_active":false,"_monsterinsights_sitenote_note":"","_monsterinsights_sitenote_category":0,"footnotes":""},"categories":[9],"tags":[16,15,21],"class_list":["post-7068","post","type-post","status-publish","format-standard","hentry","category-politik","tag-dumheter","tag-mediedjungeln","tag-ord"],"_links":{"self":[{"href":"https:\/\/sven-ove.nu\/index.php?rest_route=\/wp\/v2\/posts\/7068","targetHints":{"allow":["GET"]}}],"collection":[{"href":"https:\/\/sven-ove.nu\/index.php?rest_route=\/wp\/v2\/posts"}],"about":[{"href":"https:\/\/sven-ove.nu\/index.php?rest_route=\/wp\/v2\/types\/post"}],"author":[{"embeddable":true,"href":"https:\/\/sven-ove.nu\/index.php?rest_route=\/wp\/v2\/users\/1"}],"replies":[{"embeddable":true,"href":"https:\/\/sven-ove.nu\/index.php?rest_route=%2Fwp%2Fv2%2Fcomments&post=7068"}],"version-history":[{"count":2,"href":"https:\/\/sven-ove.nu\/index.php?rest_route=\/wp\/v2\/posts\/7068\/revisions"}],"predecessor-version":[{"id":7078,"href":"https:\/\/sven-ove.nu\/index.php?rest_route=\/wp\/v2\/posts\/7068\/revisions\/7078"}],"wp:attachment":[{"href":"https:\/\/sven-ove.nu\/index.php?rest_route=%2Fwp%2Fv2%2Fmedia&parent=7068"}],"wp:term":[{"taxonomy":"category","embeddable":true,"href":"https:\/\/sven-ove.nu\/index.php?rest_route=%2Fwp%2Fv2%2Fcategories&post=7068"},{"taxonomy":"post_tag","embeddable":true,"href":"https:\/\/sven-ove.nu\/index.php?rest_route=%2Fwp%2Fv2%2Ftags&post=7068"}],"curies":[{"name":"wp","href":"https:\/\/api.w.org\/{rel}","templated":true}]}}