{"id":7079,"date":"2013-10-16T03:00:19","date_gmt":"2013-10-16T02:00:19","guid":{"rendered":"http:\/\/sven-ove.nu\/?p=7079"},"modified":"2013-10-16T06:09:50","modified_gmt":"2013-10-16T05:09:50","slug":"munkfors-sak-ar-var-nar-ratten-att-rosta-kostar-pengar","status":"publish","type":"post","link":"https:\/\/sven-ove.nu\/?p=7079","title":{"rendered":"Munkfors sak \u00e4r v\u00e5r \u2013 N\u00e4r r\u00e4tten att r\u00f6sta kostar pengar"},"content":{"rendered":"<p><a href=\"https:\/\/sven-ove.nu\/wp-content\/uploads\/2013\/10\/Team-Book.jpg\"><img loading=\"lazy\" decoding=\"async\" class=\"alignleft size-full wp-image-7081\" alt=\"Team Book\" src=\"https:\/\/sven-ove.nu\/wp-content\/uploads\/2013\/10\/Team-Book.jpg\" width=\"676\" height=\"422\" srcset=\"https:\/\/sven-ove.nu\/wp-content\/uploads\/2013\/10\/Team-Book.jpg 676w, https:\/\/sven-ove.nu\/wp-content\/uploads\/2013\/10\/Team-Book-300x187.jpg 300w\" sizes=\"auto, (max-width: 676px) 100vw, 676px\" \/><\/a><\/p>\n<p>&nbsp;<\/p>\n<p>&#8211;\u00a0<i>Jas\u00e5,<\/i>\u00a0s\u00e4ger den k\u00e4ra v\u00e4nnen. D\u00e5 har n\u00e4stan var tionde munkforsing gillat mitt senaste inl\u00e4gg om K\u00f6rslaget.\u00a0<i>Jas\u00e5, det var som f\u00f6rsvarsadvokat \u00e5t Anna Book du skulle bli ber\u00f6md.<\/i><\/p>\n<p>Hon ler k\u00e4rt men i mjugg n\u00e4r hon s\u00e4ger det. Som om inte hon ocks\u00e5 har ringt och r\u00f6stat om l\u00f6rdagarna. Det \u00e4r vi m\u00e5nga ickemunkforsingar som har gjort. Allt f\u00f6r att hj\u00e4lpa v\u00e5ra v\u00e4nner men ocks\u00e5 till f\u00f6rsvar f\u00f6r den lilla orten i det stora landet. Alla de sm\u00e5 orterna.<\/p>\n<p>D\u00e4rf\u00f6r gr\u00e5ter vi inte om T\u00f6reboda vinner. Munkfors har 3 600 inv\u00e5nare, T\u00f6reboda strax under 9 000. Det \u00e4r samma kamp.<\/p>\n<p><b>Den r\u00e4tten f\u00e5r vi k\u00f6pa<br \/>\n<a href=\"https:\/\/sven-ove.nu\/wp-content\/uploads\/2013\/10\/Hundarna-h\u00e5ller-med.jpg\"><img loading=\"lazy\" decoding=\"async\" class=\"size-medium wp-image-7012 alignright\" alt=\"Hundarna h\u00e5ller med\" src=\"https:\/\/sven-ove.nu\/wp-content\/uploads\/2013\/10\/Hundarna-h\u00e5ller-med-171x300.jpg\" width=\"171\" height=\"300\" srcset=\"https:\/\/sven-ove.nu\/wp-content\/uploads\/2013\/10\/Hundarna-h\u00e5ller-med-171x300.jpg 171w, https:\/\/sven-ove.nu\/wp-content\/uploads\/2013\/10\/Hundarna-h\u00e5ller-med.jpg 183w\" sizes=\"auto, (max-width: 171px) 100vw, 171px\" \/><\/a><\/b>Den senaste tiden har det uppst\u00e5tt en debatt om r\u00f6stk\u00f6p i K\u00f6rslaget. Jag m\u00e5ste erk\u00e4nna att den diskussionen roar mig.<\/p>\n<p>Att Expressen kallar Munkfors f\u00f6r stad kan jag leva med. Men \u00e4r det inte dubbelmoral n\u00e4r en journalist p\u00e5 just den tidningen skriver om \u201dr\u00f6stk\u00f6p\u201d. Vem \u00e4r det egentligen som k\u00f6per r\u00f6ster av vem? Vet inte Expressen att f\u00f6r att f\u00e5 r\u00f6sta i K\u00f6rslaget m\u00e5ste du k\u00f6pa en r\u00f6st av telefonbolaget och TV4? Inser inte Expressenjournalisten vilken galghumor det \u00e4r n\u00e4r <b>Bonniers<\/b>, som \u00e4ger deras tidning, tj\u00e4nar pengar p\u00e5 att Expressen s\u00e4ljer l\u00f6snummer &#8211; genom att klaga p\u00e5 att munkforsborna l\u00e5ter <b>Bonniers<\/b> tj\u00e4na pengar p\u00e5 att de r\u00f6star? \u00c4r inte Bonniers stora \u00e4gare i TV4? (Vem som \u00e4ger telefonbolagen vet jag inte).<\/p>\n<p>Fattar du? De tj\u00e4nar pengar p\u00e5 att klaga p\u00e5 att de tj\u00e4nar pengar. Det m\u00e5ste vara den ultimata aff\u00e4rsid\u00e9n. \u00c4r det inte vi som k\u00f6per v\u00e5r r\u00f6str\u00e4tt av Bonniers med flera?<\/p>\n<p style=\"padding-left: 30px;\"><b>En g\u00e5ng skrev Verner von Heidenstam att <i>\u201d<\/i><\/b><b><i>Det \u00e4r skam, det \u00e4r fl\u00e4ck p\u00e5 Sveriges ban\u00e9r, \u2028att medborgarr\u00e4tt heter pengar.\u201d<\/i><\/b><b> Fundera \u00f6ver om inte den dikten \u00e4r lika aktuell h\u00e4r. Fundera \u00f6ver vem som betalar vinstpengarna p\u00e5 500 000 kronor till segraren Munkfors eller T\u00f6reboda. T\u00e4nk om det \u00e4r vi r\u00f6stare som betalar?<\/b><\/p>\n<p>Har jag sj\u00e4lv \u201dk\u00f6pt r\u00f6ster\u201d p\u00e5 det s\u00e4tt Expressen och en d\u00e5lig f\u00f6rlorare fr\u00e5n Halmstad mumlat om? Nej, inte \u00e4n. Jag har bara k\u00f6pt av fyran och telefonbolaget. De tillh\u00f6r ocks\u00e5 mumlarna. Borde inte TV4 ber\u00e4tta hur m\u00e5nga som r\u00f6stat och hur mycket pengar de sj\u00e4lva och telefonbolagen tj\u00e4nar p\u00e5 r\u00f6stningen? D\u00e4r finns den sanna dubbelmoralen.<\/p>\n<p><b>Tror ni folk \u00e4r s\u00e5 kn\u00f6vvliga?<br \/>\n<\/b>Jag bor inte i Munkfors men har m\u00e5nga v\u00e4nner d\u00e4r. Om en av dessa v\u00e4nner i k\u00f6ren k\u00f6per fem bakelser av den lokale konditorn. Om konditorn \u00e4r v\u00e4n till min sjungande v\u00e4n. Om <a href=\"https:\/\/sven-ove.nu\/wp-content\/uploads\/2013\/10\/Hj\u00e4ltarnas-\u00e5terkomst.jpg\"><img loading=\"lazy\" decoding=\"async\" class=\"size-thumbnail wp-image-7011 alignright\" alt=\"Hj\u00e4ltarnas \u00e5terkomst\" src=\"https:\/\/sven-ove.nu\/wp-content\/uploads\/2013\/10\/Hj\u00e4ltarnas-\u00e5terkomst-150x150.jpg\" width=\"150\" height=\"150\" \/><\/a>konditorn d\u00e4rf\u00f6r ger henne en telefonr\u00f6st per exempelvis var femte bookelse hon har k\u00f6pt. Om konditorn k\u00e4nner hela hennes k\u00f6r och vill att den ska vinna, f\u00f6r det vore kul f\u00f6r v\u00e4nnerna och bra f\u00f6r orten. Om det lokala konditoriet samtidigt tj\u00e4nar lite pengar p\u00e5 bookelserna och kan \u00f6verleva p\u00e5 orten.<\/p>\n<p>S\u00e5dant har jag sv\u00e5rt att bli uppr\u00f6rd \u00f6ver.<\/p>\n<p>Folk k\u00f6per bookelsen f\u00f6r att det \u00e4r skoj och f\u00f6r att k\u00e4nna att de deltar, \u00e4ven utan att sjunga. Att en enskild individ skulle &#8221;k\u00f6pa r\u00f6ster&#8221; p\u00e5 det s\u00e4ttet l\u00e5ter ovanligt kn\u00f6vvligt. S\u00e5 besv\u00e4rliga har vi inte r\u00e5d att vara p\u00e5 Sveriges mindre orter. S\u00e5 korkade \u00e4r vi inte. D\u00e5 blir det b\u00e5de billigare och enklare att bara r\u00f6sta utan att g\u00e5 omv\u00e4gen via bakverket. Jag vet folk som har r\u00f6stat m\u00e5nga tiotals g\u00e5nger varje l\u00f6rdag. S\u00e5 m\u00e5nga bakelser orkar ingen m\u00e4nniska stoppa in i ansiktet. Bookelsen \u00e4r n\u00e5got annat. Den \u00e4r ett roligt inslag exempelvis vid fredagsfikat p\u00e5 jobbet eller hemma. \u00a0F\u00f6r en g\u00e5ngs skull har ju de flesta p\u00e5 orten sett samma tv-program och kan prata om det.<\/p>\n<p style=\"padding-left: 30px;\"><b>Det \u00e4r bara den som inte vet hur Sveriges sm\u00e5orter ser ut som kan bli uppr\u00f6rd \u00f6ver s\u00e5dant. Den som inte k\u00e4nt sammanh\u00e5llningen, folks solidaritet n\u00e4r det verkligen g\u00e4ller. Personligen tycker jag som sagt att vi borde fundera mer \u00f6ver vad telefonbolagen och TV4 tj\u00e4nar p\u00e5 ringandet.<\/b><\/p>\n<p style=\"padding-left: 30px;\"><b>D\u00e4r kan vi tala om r\u00f6stk\u00f6p.<\/b><\/p>\n<p><i><a href=\"https:\/\/sven-ove.nu\/wp-content\/uploads\/2013\/10\/Hj\u00e4ltarnas-\u00e5terkomst.jpg\"><img loading=\"lazy\" decoding=\"async\" class=\"alignleft size-medium wp-image-7011\" alt=\"Hj\u00e4ltarnas \u00e5terkomst\" src=\"https:\/\/sven-ove.nu\/wp-content\/uploads\/2013\/10\/Hj\u00e4ltarnas-\u00e5terkomst-300x257.jpg\" width=\"300\" height=\"257\" srcset=\"https:\/\/sven-ove.nu\/wp-content\/uploads\/2013\/10\/Hj\u00e4ltarnas-\u00e5terkomst-300x257.jpg 300w, https:\/\/sven-ove.nu\/wp-content\/uploads\/2013\/10\/Hj\u00e4ltarnas-\u00e5terkomst-1024x877.jpg 1024w, https:\/\/sven-ove.nu\/wp-content\/uploads\/2013\/10\/Hj\u00e4ltarnas-\u00e5terkomst.jpg 1551w\" sizes=\"auto, (max-width: 300px) 100vw, 300px\" \/><\/a>De tidigare blogginl\u00e4ggen om K\u00f6rslaget:<br \/>\n<\/i><i><a href=\"https:\/\/sven-ove.nu\/?p=6860\">Munkfors sak \u00e4r v\u00e5r<br \/>\n<\/a><\/i><i><a href=\"https:\/\/sven-ove.nu\/?p=7010\">Munkfors sak \u00e4r v\u00e5r \u2013 Hj\u00e4ltarnas \u00e5terkomst<\/a><\/i><\/p>\n<p>&nbsp;<\/p>\n<p><strong>Lycka till p\u00e5 l\u00f6rdag. Jag ringer. Munkfors sak \u00e4r\u2026 ja, du vet.<\/strong><\/p>\n<p><strong>V\u00e5r.<\/strong><\/p>\n","protected":false},"excerpt":{"rendered":"<p>&nbsp; &#8211;\u00a0Jas\u00e5,\u00a0s\u00e4ger den k\u00e4ra v\u00e4nnen. D\u00e5 har n\u00e4stan var tionde munkforsing gillat mitt senaste inl\u00e4gg om K\u00f6rslaget.\u00a0Jas\u00e5, det var som f\u00f6rsvarsadvokat \u00e5t Anna Book du skulle bli ber\u00f6md. Hon ler k\u00e4rt men i mjugg n\u00e4r hon s\u00e4ger det. Som om inte hon ocks\u00e5 har ringt och r\u00f6stat om l\u00f6rdagarna. Det \u00e4r vi m\u00e5nga ickemunkforsingar som &hellip; <a href=\"https:\/\/sven-ove.nu\/?p=7079\" class=\"more-link\">Forts\u00e4tt l\u00e4sa <span class=\"screen-reader-text\">Munkfors sak \u00e4r v\u00e5r \u2013 N\u00e4r r\u00e4tten att r\u00f6sta kostar pengar<\/span><\/a><\/p>\n","protected":false},"author":1,"featured_media":0,"comment_status":"open","ping_status":"open","sticky":false,"template":"","format":"standard","meta":{"_crdt_document":"","_monsterinsights_skip_tracking":false,"_monsterinsights_sitenote_active":false,"_monsterinsights_sitenote_note":"","_monsterinsights_sitenote_category":0,"footnotes":""},"categories":[10,9],"tags":[24,14,15,17],"class_list":["post-7079","post","type-post","status-publish","format-standard","hentry","category-familjen","category-politik","tag-karlek","tag-lasning","tag-mediedjungeln","tag-solidaritet"],"_links":{"self":[{"href":"https:\/\/sven-ove.nu\/index.php?rest_route=\/wp\/v2\/posts\/7079","targetHints":{"allow":["GET"]}}],"collection":[{"href":"https:\/\/sven-ove.nu\/index.php?rest_route=\/wp\/v2\/posts"}],"about":[{"href":"https:\/\/sven-ove.nu\/index.php?rest_route=\/wp\/v2\/types\/post"}],"author":[{"embeddable":true,"href":"https:\/\/sven-ove.nu\/index.php?rest_route=\/wp\/v2\/users\/1"}],"replies":[{"embeddable":true,"href":"https:\/\/sven-ove.nu\/index.php?rest_route=%2Fwp%2Fv2%2Fcomments&post=7079"}],"version-history":[{"count":24,"href":"https:\/\/sven-ove.nu\/index.php?rest_route=\/wp\/v2\/posts\/7079\/revisions"}],"predecessor-version":[{"id":7106,"href":"https:\/\/sven-ove.nu\/index.php?rest_route=\/wp\/v2\/posts\/7079\/revisions\/7106"}],"wp:attachment":[{"href":"https:\/\/sven-ove.nu\/index.php?rest_route=%2Fwp%2Fv2%2Fmedia&parent=7079"}],"wp:term":[{"taxonomy":"category","embeddable":true,"href":"https:\/\/sven-ove.nu\/index.php?rest_route=%2Fwp%2Fv2%2Fcategories&post=7079"},{"taxonomy":"post_tag","embeddable":true,"href":"https:\/\/sven-ove.nu\/index.php?rest_route=%2Fwp%2Fv2%2Ftags&post=7079"}],"curies":[{"name":"wp","href":"https:\/\/api.w.org\/{rel}","templated":true}]}}