{"id":7108,"date":"2013-10-19T03:00:55","date_gmt":"2013-10-19T02:00:55","guid":{"rendered":"http:\/\/sven-ove.nu\/?p=7108"},"modified":"2013-10-19T06:23:04","modified_gmt":"2013-10-19T05:23:04","slug":"ska-de-forstora-ett-ord-till","status":"publish","type":"post","link":"https:\/\/sven-ove.nu\/?p=7108","title":{"rendered":"Ska de f\u00f6rst\u00f6ra ett ord till?"},"content":{"rendered":"<p>Nya Wermlands-Tidningen har kallat sig \u201dNya\u201d i flera sekler. D\u00e4r handlar det om en ny produkt varenda dag, nu \u00e4ven s\u00f6ndagar, s\u00e5 det \u00e4r inte fel.<\/p>\n<p><a href=\"https:\/\/sven-ove.nu\/wp-content\/uploads\/2013\/10\/Pilen.jpg\"><img loading=\"lazy\" decoding=\"async\" class=\"size-medium wp-image-7109 alignleft\" alt=\"Pilen\" src=\"https:\/\/sven-ove.nu\/wp-content\/uploads\/2013\/10\/Pilen-179x300.jpg\" width=\"179\" height=\"300\" srcset=\"https:\/\/sven-ove.nu\/wp-content\/uploads\/2013\/10\/Pilen-179x300.jpg 179w, https:\/\/sven-ove.nu\/wp-content\/uploads\/2013\/10\/Pilen-613x1024.jpg 613w, https:\/\/sven-ove.nu\/wp-content\/uploads\/2013\/10\/Pilen.jpg 1552w\" sizes=\"auto, (max-width: 179px) 100vw, 179px\" \/><\/a>Men Nya Moderaterna? N\u00e4r det senaste nya i politiken kom \u00e5r 2006? N\u00e4r forne h\u00f6gerledarn tycker att den nye genomf\u00f6r precis den politik han sj\u00e4lv f\u00f6reslog?<\/p>\n<p><a href=\"https:\/\/sven-ove.nu\/wp-content\/uploads\/2013\/10\/Konst-m.jpg\"><img loading=\"lazy\" decoding=\"async\" class=\"alignright size-thumbnail wp-image-7038\" alt=\"Konst (m)\" src=\"https:\/\/sven-ove.nu\/wp-content\/uploads\/2013\/10\/Konst-m-150x150.jpg\" width=\"150\" height=\"150\" \/><\/a>Tro\u2019t om du vill.<\/p>\n<p>Det var illa nog att de stal ordet \u201dmoderat\u201d en g\u00e5ng. De lever inte upp till det ordet heller. Ska de f\u00f6rst\u00f6ra \u201dnya\u201d nu ocks\u00e5?<\/p>\n<p><strong>N\u00e4r h\u00f6gern leker arbetare r\u00e4cker spadarna bara till oss.<\/strong><\/p>\n","protected":false},"excerpt":{"rendered":"<p>Nya Wermlands-Tidningen har kallat sig \u201dNya\u201d i flera sekler. D\u00e4r handlar det om en ny produkt varenda dag, nu \u00e4ven s\u00f6ndagar, s\u00e5 det \u00e4r inte fel. Men Nya Moderaterna? N\u00e4r det senaste nya i politiken kom \u00e5r 2006? N\u00e4r forne h\u00f6gerledarn tycker att den nye genomf\u00f6r precis den politik han sj\u00e4lv f\u00f6reslog? Tro\u2019t om du &hellip; <a href=\"https:\/\/sven-ove.nu\/?p=7108\" class=\"more-link\">Forts\u00e4tt l\u00e4sa <span class=\"screen-reader-text\">Ska de f\u00f6rst\u00f6ra ett ord till?<\/span><\/a><\/p>\n","protected":false},"author":1,"featured_media":0,"comment_status":"open","ping_status":"open","sticky":false,"template":"","format":"standard","meta":{"_crdt_document":"","_monsterinsights_skip_tracking":false,"_monsterinsights_sitenote_active":false,"_monsterinsights_sitenote_note":"","_monsterinsights_sitenote_category":0,"footnotes":""},"categories":[9],"tags":[3,16,21],"class_list":["post-7108","post","type-post","status-publish","format-standard","hentry","category-politik","tag-arbete","tag-dumheter","tag-ord"],"_links":{"self":[{"href":"https:\/\/sven-ove.nu\/index.php?rest_route=\/wp\/v2\/posts\/7108","targetHints":{"allow":["GET"]}}],"collection":[{"href":"https:\/\/sven-ove.nu\/index.php?rest_route=\/wp\/v2\/posts"}],"about":[{"href":"https:\/\/sven-ove.nu\/index.php?rest_route=\/wp\/v2\/types\/post"}],"author":[{"embeddable":true,"href":"https:\/\/sven-ove.nu\/index.php?rest_route=\/wp\/v2\/users\/1"}],"replies":[{"embeddable":true,"href":"https:\/\/sven-ove.nu\/index.php?rest_route=%2Fwp%2Fv2%2Fcomments&post=7108"}],"version-history":[{"count":7,"href":"https:\/\/sven-ove.nu\/index.php?rest_route=\/wp\/v2\/posts\/7108\/revisions"}],"predecessor-version":[{"id":7130,"href":"https:\/\/sven-ove.nu\/index.php?rest_route=\/wp\/v2\/posts\/7108\/revisions\/7130"}],"wp:attachment":[{"href":"https:\/\/sven-ove.nu\/index.php?rest_route=%2Fwp%2Fv2%2Fmedia&parent=7108"}],"wp:term":[{"taxonomy":"category","embeddable":true,"href":"https:\/\/sven-ove.nu\/index.php?rest_route=%2Fwp%2Fv2%2Fcategories&post=7108"},{"taxonomy":"post_tag","embeddable":true,"href":"https:\/\/sven-ove.nu\/index.php?rest_route=%2Fwp%2Fv2%2Ftags&post=7108"}],"curies":[{"name":"wp","href":"https:\/\/api.w.org\/{rel}","templated":true}]}}