{"id":7114,"date":"2013-10-21T03:00:36","date_gmt":"2013-10-21T02:00:36","guid":{"rendered":"http:\/\/sven-ove.nu\/?p=7114"},"modified":"2013-10-17T16:43:49","modified_gmt":"2013-10-17T15:43:49","slug":"definitioner-fran-fyndladan","status":"publish","type":"post","link":"https:\/\/sven-ove.nu\/?p=7114","title":{"rendered":"Definitioner fr\u00e5n fyndl\u00e5dan"},"content":{"rendered":"<p><a href=\"https:\/\/sven-ove.nu\/wp-content\/uploads\/2013\/10\/Smal-h\u00f6ststig.jpg\"><img loading=\"lazy\" decoding=\"async\" class=\"alignright size-large wp-image-7115\" alt=\"Smal h\u00f6ststig\" src=\"https:\/\/sven-ove.nu\/wp-content\/uploads\/2013\/10\/Smal-h\u00f6ststig-1024x477.jpg\" width=\"640\" height=\"298\" srcset=\"https:\/\/sven-ove.nu\/wp-content\/uploads\/2013\/10\/Smal-h\u00f6ststig-1024x477.jpg 1024w, https:\/\/sven-ove.nu\/wp-content\/uploads\/2013\/10\/Smal-h\u00f6ststig-300x140.jpg 300w\" sizes=\"auto, (max-width: 640px) 100vw, 640px\" \/><\/a><\/p>\n<p>H\u00f6st i fosterlandet. Sitter och pl\u00f6jer igenom gamla blogginl\u00e4gg p\u00e5 jakt efter en viss formulering som jag minns dunkelt. D\u00e5 hittar jag den h\u00e4r i st\u00e4llet, om statistik, fr\u00e5n den 3 mars i fjol. Har jag skrivit den? Det var ju faktiskt beg\u00e5vat. Jag var nog inte s\u00e5 dum p\u00e5 den tiden.<\/p>\n<p style=\"padding-left: 30px;\"><b><i>Statistik<a href=\"https:\/\/sven-ove.nu\/?p=1342\"><br \/>\n<\/a><\/i><\/b><i>Statistik \u00e4r tid som n\u00e5gon tagit.<\/i><b>\u00a0<\/b><\/p>\n<p>Sedan hittar jag de h\u00e4r fr\u00e5n den 5 och 6 mars i fjol.<i>\u00a0<\/i><\/p>\n<p style=\"padding-left: 30px;\"><b><i>Andras muskler<a href=\"https:\/\/sven-ove.nu\/?p=1347\"><br \/>\n<\/a><\/i><\/b><i>Rikedom \u00e4r andras muskler som gr\u00e5ter. Fattigdom? Ekonomi som g\u00e5r fel.<\/i><\/p>\n<p style=\"padding-left: 30px;\"><b><i>Klassamh\u00e4lle<a href=\"https:\/\/sven-ove.nu\/?p=1351\"><br \/>\n<\/a><\/i><\/b><i>Klassamh\u00e4lle \u00e4r statistik som gr\u00e5ter. \u00a0<\/i><\/p>\n<p>Den 2 mars skrev jag att en bra text \u00e4r tid som suckar och ler. Har jag skrivit det ocks\u00e5? Tror jag ska sluta skriva n\u00e5gra nya.<\/p>\n","protected":false},"excerpt":{"rendered":"<p>H\u00f6st i fosterlandet. Sitter och pl\u00f6jer igenom gamla blogginl\u00e4gg p\u00e5 jakt efter en viss formulering som jag minns dunkelt. D\u00e5 hittar jag den h\u00e4r i st\u00e4llet, om statistik, fr\u00e5n den 3 mars i fjol. Har jag skrivit den? Det var ju faktiskt beg\u00e5vat. Jag var nog inte s\u00e5 dum p\u00e5 den tiden. Statistik Statistik \u00e4r &hellip; <a href=\"https:\/\/sven-ove.nu\/?p=7114\" class=\"more-link\">Forts\u00e4tt l\u00e4sa <span class=\"screen-reader-text\">Definitioner fr\u00e5n fyndl\u00e5dan<\/span><\/a><\/p>\n","protected":false},"author":1,"featured_media":0,"comment_status":"open","ping_status":"open","sticky":false,"template":"","format":"standard","meta":{"_crdt_document":"","_monsterinsights_skip_tracking":false,"_monsterinsights_sitenote_active":false,"_monsterinsights_sitenote_note":"","_monsterinsights_sitenote_category":0,"footnotes":""},"categories":[9,4],"tags":[3,21],"class_list":["post-7114","post","type-post","status-publish","format-standard","hentry","category-politik","category-skrivande","tag-arbete","tag-ord"],"_links":{"self":[{"href":"https:\/\/sven-ove.nu\/index.php?rest_route=\/wp\/v2\/posts\/7114","targetHints":{"allow":["GET"]}}],"collection":[{"href":"https:\/\/sven-ove.nu\/index.php?rest_route=\/wp\/v2\/posts"}],"about":[{"href":"https:\/\/sven-ove.nu\/index.php?rest_route=\/wp\/v2\/types\/post"}],"author":[{"embeddable":true,"href":"https:\/\/sven-ove.nu\/index.php?rest_route=\/wp\/v2\/users\/1"}],"replies":[{"embeddable":true,"href":"https:\/\/sven-ove.nu\/index.php?rest_route=%2Fwp%2Fv2%2Fcomments&post=7114"}],"version-history":[{"count":4,"href":"https:\/\/sven-ove.nu\/index.php?rest_route=\/wp\/v2\/posts\/7114\/revisions"}],"predecessor-version":[{"id":7128,"href":"https:\/\/sven-ove.nu\/index.php?rest_route=\/wp\/v2\/posts\/7114\/revisions\/7128"}],"wp:attachment":[{"href":"https:\/\/sven-ove.nu\/index.php?rest_route=%2Fwp%2Fv2%2Fmedia&parent=7114"}],"wp:term":[{"taxonomy":"category","embeddable":true,"href":"https:\/\/sven-ove.nu\/index.php?rest_route=%2Fwp%2Fv2%2Fcategories&post=7114"},{"taxonomy":"post_tag","embeddable":true,"href":"https:\/\/sven-ove.nu\/index.php?rest_route=%2Fwp%2Fv2%2Ftags&post=7114"}],"curies":[{"name":"wp","href":"https:\/\/api.w.org\/{rel}","templated":true}]}}