{"id":7119,"date":"2013-10-18T03:00:06","date_gmt":"2013-10-18T02:00:06","guid":{"rendered":"http:\/\/sven-ove.nu\/?p=7119"},"modified":"2013-10-17T09:02:59","modified_gmt":"2013-10-17T08:02:59","slug":"den-lararen-ar-pa-tok-for-bra","status":"publish","type":"post","link":"https:\/\/sven-ove.nu\/?p=7119","title":{"rendered":"Den l\u00e4raren \u00e4r p\u00e5 tok f\u00f6r bra"},"content":{"rendered":"<p><a href=\"https:\/\/sven-ove.nu\/wp-content\/uploads\/2013\/10\/Tre-Kronor-brinner.jpg\"><img loading=\"lazy\" decoding=\"async\" class=\"alignright size-full wp-image-7120\" alt=\"Tre Kronor brinner\" src=\"https:\/\/sven-ove.nu\/wp-content\/uploads\/2013\/10\/Tre-Kronor-brinner.jpg\" width=\"305\" height=\"242\" srcset=\"https:\/\/sven-ove.nu\/wp-content\/uploads\/2013\/10\/Tre-Kronor-brinner.jpg 305w, https:\/\/sven-ove.nu\/wp-content\/uploads\/2013\/10\/Tre-Kronor-brinner-300x238.jpg 300w\" sizes=\"auto, (max-width: 305px) 100vw, 305px\" \/><\/a>Ibland tycker jag synd om lundsbergseleverna. Det verkar som om l\u00e4raren de har i delkursen \u201dDet g\u00e5r an\u201d \u00e4r alldeles f\u00f6r bra.<\/p>\n<p>Varf\u00f6r tror de annars att det g\u00e5r an att br\u00e4nna sm\u00e5killar med varma j\u00e4rn?<br \/>\nVarf\u00f6r tror annars en av deras mer ber\u00f6mda f\u00f6redettingar att det g\u00e5r an att <a href=\"http:\/\/www.svd.se\/kultur\/svenskt-tenn-stryker-prins-carl-philips-namn_8618530.svd\" target=\"_blank\">l\u00e5na<\/a> en <a href=\"http:\/\/www.dagensmedia.se\/nyheter\/pr\/article3778278.ece\" target=\"_blank\">annans<\/a> design, sj\u00e4lv ta \u00e4ran och sedan <a href=\"http:\/\/www.dagensmedia.se\/nyheter\/pr\/article3778897.ece\">tiga<\/a> om saken?<\/p>\n<p>Det g\u00e5r inte an.<\/p>\n","protected":false},"excerpt":{"rendered":"<p>Ibland tycker jag synd om lundsbergseleverna. Det verkar som om l\u00e4raren de har i delkursen \u201dDet g\u00e5r an\u201d \u00e4r alldeles f\u00f6r bra. Varf\u00f6r tror de annars att det g\u00e5r an att br\u00e4nna sm\u00e5killar med varma j\u00e4rn? Varf\u00f6r tror annars en av deras mer ber\u00f6mda f\u00f6redettingar att det g\u00e5r an att l\u00e5na en annans design, sj\u00e4lv &hellip; <a href=\"https:\/\/sven-ove.nu\/?p=7119\" class=\"more-link\">Forts\u00e4tt l\u00e4sa <span class=\"screen-reader-text\">Den l\u00e4raren \u00e4r p\u00e5 tok f\u00f6r bra<\/span><\/a><\/p>\n","protected":false},"author":1,"featured_media":0,"comment_status":"open","ping_status":"open","sticky":false,"template":"","format":"standard","meta":{"_crdt_document":"","_monsterinsights_skip_tracking":false,"_monsterinsights_sitenote_active":false,"_monsterinsights_sitenote_note":"","_monsterinsights_sitenote_category":0,"footnotes":""},"categories":[9],"tags":[16,18,15,20],"class_list":["post-7119","post","type-post","status-publish","format-standard","hentry","category-politik","tag-dumheter","tag-lardomar","tag-mediedjungeln","tag-rad"],"_links":{"self":[{"href":"https:\/\/sven-ove.nu\/index.php?rest_route=\/wp\/v2\/posts\/7119","targetHints":{"allow":["GET"]}}],"collection":[{"href":"https:\/\/sven-ove.nu\/index.php?rest_route=\/wp\/v2\/posts"}],"about":[{"href":"https:\/\/sven-ove.nu\/index.php?rest_route=\/wp\/v2\/types\/post"}],"author":[{"embeddable":true,"href":"https:\/\/sven-ove.nu\/index.php?rest_route=\/wp\/v2\/users\/1"}],"replies":[{"embeddable":true,"href":"https:\/\/sven-ove.nu\/index.php?rest_route=%2Fwp%2Fv2%2Fcomments&post=7119"}],"version-history":[{"count":5,"href":"https:\/\/sven-ove.nu\/index.php?rest_route=\/wp\/v2\/posts\/7119\/revisions"}],"predecessor-version":[{"id":7125,"href":"https:\/\/sven-ove.nu\/index.php?rest_route=\/wp\/v2\/posts\/7119\/revisions\/7125"}],"wp:attachment":[{"href":"https:\/\/sven-ove.nu\/index.php?rest_route=%2Fwp%2Fv2%2Fmedia&parent=7119"}],"wp:term":[{"taxonomy":"category","embeddable":true,"href":"https:\/\/sven-ove.nu\/index.php?rest_route=%2Fwp%2Fv2%2Fcategories&post=7119"},{"taxonomy":"post_tag","embeddable":true,"href":"https:\/\/sven-ove.nu\/index.php?rest_route=%2Fwp%2Fv2%2Ftags&post=7119"}],"curies":[{"name":"wp","href":"https:\/\/api.w.org\/{rel}","templated":true}]}}