{"id":7131,"date":"2013-10-20T03:00:32","date_gmt":"2013-10-20T02:00:32","guid":{"rendered":"http:\/\/sven-ove.nu\/?p=7131"},"modified":"2013-10-19T17:37:35","modified_gmt":"2013-10-19T16:37:35","slug":"ett-hem-pa-jorden","status":"publish","type":"post","link":"https:\/\/sven-ove.nu\/?p=7131","title":{"rendered":"Ett hem p\u00e5 jorden"},"content":{"rendered":"<p><a href=\"https:\/\/sven-ove.nu\/wp-content\/uploads\/2013\/10\/Rolf-p\u00e5-August.jpg\"><img loading=\"lazy\" decoding=\"async\" class=\"size-medium wp-image-7134 alignright\" alt=\"Rolf p\u00e5 August\" src=\"https:\/\/sven-ove.nu\/wp-content\/uploads\/2013\/10\/Rolf-p\u00e5-August-179x300.jpg\" width=\"179\" height=\"300\" srcset=\"https:\/\/sven-ove.nu\/wp-content\/uploads\/2013\/10\/Rolf-p\u00e5-August-179x300.jpg 179w, https:\/\/sven-ove.nu\/wp-content\/uploads\/2013\/10\/Rolf-p\u00e5-August.jpg 383w\" sizes=\"auto, (max-width: 179px) 100vw, 179px\" \/><\/a>N\u00e4r h\u00f6sten kommer ska du g\u00e5 p\u00e5 Caf\u00e9 August och lyssna p\u00e5 <a href=\"https:\/\/sven-ove.nu\/?p=3330\">Rolf Carlsso<\/a><a href=\"https:\/\/sven-ove.nu\/?p=3330\">n<\/a>.\u00a0\u00c4ta kyckling med potatisslantar och minnas 1983 eller den tiden n\u00e4r folk k\u00f6pte skivor. Ute ska fullm\u00e5nen spegla sig i kanten p\u00e5 den stora sj\u00f6n, bortom V\u00e4rmlandskajen, den k\u00e4ra v\u00e4nnen ska \u00e4ta r\u00e4ksm\u00f6rg\u00e5s och Rolf ska ber\u00e4tta om ett skivomslag han gjorde en g\u00e5ng. Mjuk musik under Augusts tr\u00e4tak, visor f\u00f6rst och sedan h\u00e5rdare rytmer.<\/p>\n<p>I taket ska det h\u00e4nga n\u00e4t och stora f\u00e4rgade glaskulor, p\u00e5 v\u00e4ggarna skeppartavlor och \u00e4nnu mera tavlor med pipr\u00f6kande fiskare. Sj\u00f6m\u00e4rken, symaskinsbord, tapeterna fulla med b\u00e5tar. Vid bordet intill ska de \u00e4ta Augusts klassiska pannbiff f\u00f6r 145 kronor, med den goda s\u00e5sen. N\u00e5gon ska lyfta sitt tomma glas och best\u00e4lla en likadan.<\/p>\n<p><i>Tid att leva<\/i>\u00a0ska Rolf sjunga och bandet spela. Marcos, hans parh\u00e4st, ska p\u00e5peka ibland att det \u00e4r dags att prata f\u00e4rdigt och ta n\u00e4sta l\u00e5t. D\u00e5 ska de g\u00f6ra det.<\/p>\n<p><i>Dr\u00f6mmarnas tid.<br \/>\n<\/i><i>Allt jag ville har jag gjort.<br \/>\n<\/i><i>Ett hem p\u00e5 jorden.<br \/>\n<\/i><i>Din egen v\u00e4g.<\/i><\/p>\n<p>Tre extranummer. Rolig \u00e4r han ocks\u00e5, roligt vemod, vemodig ro.<\/p>\n<p>Morgonen d\u00e4rp\u00e5 ska du vakna tidigt och se himlen f\u00e4rgas kyligt bl\u00e5gr\u00f6nrosa \u00f6sterut, l\u00e5ngt bortom Skived. Det har g\u00e5tt ett \u00e5r till.<\/p>\n<p>S\u00e5 ska det vara.<\/p>\n<p><img loading=\"lazy\" decoding=\"async\" class=\"size-thumbnail wp-image-7137 alignleft\" alt=\"Skeppare\" src=\"https:\/\/sven-ove.nu\/wp-content\/uploads\/2013\/10\/Skeppare-150x150.jpg\" width=\"150\" height=\"150\" \/><img loading=\"lazy\" decoding=\"async\" class=\"size-thumbnail wp-image-7136 alignleft\" alt=\"M\u00e5nen vid V\u00e4rmlandskajen\" src=\"https:\/\/sven-ove.nu\/wp-content\/uploads\/2013\/10\/M\u00e5nen-vid-V\u00e4rmlandskajen-150x150.jpg\" width=\"150\" height=\"150\" \/><\/p>\n<p><a href=\"https:\/\/sven-ove.nu\/wp-content\/uploads\/2013\/10\/Rolf-genom-d\u00f6rr.jpg\"><img loading=\"lazy\" decoding=\"async\" class=\"alignleft size-thumbnail wp-image-7135\" alt=\"Rolf genom d\u00f6rr\" src=\"https:\/\/sven-ove.nu\/wp-content\/uploads\/2013\/10\/Rolf-genom-d\u00f6rr-150x150.jpg\" width=\"150\" height=\"150\" \/><\/a><\/p>\n<p>&nbsp;<\/p>\n<p>&nbsp;<\/p>\n<p>&nbsp;<\/p>\n<p>&nbsp;<\/p>\n","protected":false},"excerpt":{"rendered":"<p>N\u00e4r h\u00f6sten kommer ska du g\u00e5 p\u00e5 Caf\u00e9 August och lyssna p\u00e5 Rolf Carlsson.\u00a0\u00c4ta kyckling med potatisslantar och minnas 1983 eller den tiden n\u00e4r folk k\u00f6pte skivor. Ute ska fullm\u00e5nen spegla sig i kanten p\u00e5 den stora sj\u00f6n, bortom V\u00e4rmlandskajen, den k\u00e4ra v\u00e4nnen ska \u00e4ta r\u00e4ksm\u00f6rg\u00e5s och Rolf ska ber\u00e4tta om ett skivomslag han gjorde &hellip; <a href=\"https:\/\/sven-ove.nu\/?p=7131\" class=\"more-link\">Forts\u00e4tt l\u00e4sa <span class=\"screen-reader-text\">Ett hem p\u00e5 jorden<\/span><\/a><\/p>\n","protected":false},"author":1,"featured_media":0,"comment_status":"open","ping_status":"open","sticky":false,"template":"","format":"standard","meta":{"_crdt_document":"","_monsterinsights_skip_tracking":false,"_monsterinsights_sitenote_active":false,"_monsterinsights_sitenote_note":"","_monsterinsights_sitenote_category":0,"footnotes":""},"categories":[10],"tags":[24],"class_list":["post-7131","post","type-post","status-publish","format-standard","hentry","category-familjen","tag-karlek"],"_links":{"self":[{"href":"https:\/\/sven-ove.nu\/index.php?rest_route=\/wp\/v2\/posts\/7131","targetHints":{"allow":["GET"]}}],"collection":[{"href":"https:\/\/sven-ove.nu\/index.php?rest_route=\/wp\/v2\/posts"}],"about":[{"href":"https:\/\/sven-ove.nu\/index.php?rest_route=\/wp\/v2\/types\/post"}],"author":[{"embeddable":true,"href":"https:\/\/sven-ove.nu\/index.php?rest_route=\/wp\/v2\/users\/1"}],"replies":[{"embeddable":true,"href":"https:\/\/sven-ove.nu\/index.php?rest_route=%2Fwp%2Fv2%2Fcomments&post=7131"}],"version-history":[{"count":15,"href":"https:\/\/sven-ove.nu\/index.php?rest_route=\/wp\/v2\/posts\/7131\/revisions"}],"predecessor-version":[{"id":7159,"href":"https:\/\/sven-ove.nu\/index.php?rest_route=\/wp\/v2\/posts\/7131\/revisions\/7159"}],"wp:attachment":[{"href":"https:\/\/sven-ove.nu\/index.php?rest_route=%2Fwp%2Fv2%2Fmedia&parent=7131"}],"wp:term":[{"taxonomy":"category","embeddable":true,"href":"https:\/\/sven-ove.nu\/index.php?rest_route=%2Fwp%2Fv2%2Fcategories&post=7131"},{"taxonomy":"post_tag","embeddable":true,"href":"https:\/\/sven-ove.nu\/index.php?rest_route=%2Fwp%2Fv2%2Ftags&post=7131"}],"curies":[{"name":"wp","href":"https:\/\/api.w.org\/{rel}","templated":true}]}}