{"id":7153,"date":"2013-10-24T03:00:22","date_gmt":"2013-10-24T02:00:22","guid":{"rendered":"http:\/\/sven-ove.nu\/?p=7153"},"modified":"2013-10-23T18:00:21","modified_gmt":"2013-10-23T17:00:21","slug":"kampen-for-att-inte-sverige-ska-spricka","status":"publish","type":"post","link":"https:\/\/sven-ove.nu\/?p=7153","title":{"rendered":"Kampen f\u00f6r att inte Sverige ska spricka"},"content":{"rendered":"<p><a href=\"https:\/\/sven-ove.nu\/wp-content\/uploads\/2013\/10\/Fullt-p\u00e5-torget.jpg\"><img loading=\"lazy\" decoding=\"async\" class=\"size-medium wp-image-7154 alignright\" alt=\"Fullt p\u00e5 torget\" src=\"https:\/\/sven-ove.nu\/wp-content\/uploads\/2013\/10\/Fullt-p\u00e5-torget-300x151.jpg\" width=\"300\" height=\"151\" srcset=\"https:\/\/sven-ove.nu\/wp-content\/uploads\/2013\/10\/Fullt-p\u00e5-torget-300x151.jpg 300w, https:\/\/sven-ove.nu\/wp-content\/uploads\/2013\/10\/Fullt-p\u00e5-torget-1024x515.jpg 1024w, https:\/\/sven-ove.nu\/wp-content\/uploads\/2013\/10\/Fullt-p\u00e5-torget.jpg 1600w\" sizes=\"auto, (max-width: 300px) 100vw, 300px\" \/><\/a><\/p>\n<p>&nbsp;<\/p>\n<p>Kampen f\u00f6r att inte Sverige ska spricka \u00e4nnu mer \u00e4n det redan har gjort kan se ut p\u00e5 m\u00e5nga s\u00e4tt. Ibland blir det inga j\u00e4ttelika demonstrationer, stolta paroller och storslagna tal fr\u00e5n talarstolar. Ibland best\u00e5r solidariteten av att folket p\u00e5 en alldeles vanlig sliten liten bruksort reser sig tillsammans p\u00e5 ett mer ov\u00e4ntat s\u00e4tt.\u00a0Det handlar min f\u00e4rska kr\u00f6nika p\u00e5 Tankesmedjan Ida om.<\/p>\n<p>Om stolthet.<\/p>\n<p><b><i>L\u00e4nk<\/i><\/b><i>: <a href=\"http:\/\/tankesmedjanida.se\/?chronicle=de-sjong-for-att-kampa-for-sin-bygd\" target=\"_blank\">De sj\u00f6ng f\u00f6r att k\u00e4mpa f\u00f6r sin bygd<\/a><\/i><\/p>\n","protected":false},"excerpt":{"rendered":"<p>&nbsp; Kampen f\u00f6r att inte Sverige ska spricka \u00e4nnu mer \u00e4n det redan har gjort kan se ut p\u00e5 m\u00e5nga s\u00e4tt. Ibland blir det inga j\u00e4ttelika demonstrationer, stolta paroller och storslagna tal fr\u00e5n talarstolar. Ibland best\u00e5r solidariteten av att folket p\u00e5 en alldeles vanlig sliten liten bruksort reser sig tillsammans p\u00e5 ett mer ov\u00e4ntat s\u00e4tt.\u00a0Det &hellip; <a href=\"https:\/\/sven-ove.nu\/?p=7153\" class=\"more-link\">Forts\u00e4tt l\u00e4sa <span class=\"screen-reader-text\">Kampen f\u00f6r att inte Sverige ska spricka<\/span><\/a><\/p>\n","protected":false},"author":1,"featured_media":0,"comment_status":"open","ping_status":"open","sticky":false,"template":"","format":"standard","meta":{"_crdt_document":"","_monsterinsights_skip_tracking":false,"_monsterinsights_sitenote_active":false,"_monsterinsights_sitenote_note":"","_monsterinsights_sitenote_category":0,"footnotes":""},"categories":[9],"tags":[15,17],"class_list":["post-7153","post","type-post","status-publish","format-standard","hentry","category-politik","tag-mediedjungeln","tag-solidaritet"],"_links":{"self":[{"href":"https:\/\/sven-ove.nu\/index.php?rest_route=\/wp\/v2\/posts\/7153","targetHints":{"allow":["GET"]}}],"collection":[{"href":"https:\/\/sven-ove.nu\/index.php?rest_route=\/wp\/v2\/posts"}],"about":[{"href":"https:\/\/sven-ove.nu\/index.php?rest_route=\/wp\/v2\/types\/post"}],"author":[{"embeddable":true,"href":"https:\/\/sven-ove.nu\/index.php?rest_route=\/wp\/v2\/users\/1"}],"replies":[{"embeddable":true,"href":"https:\/\/sven-ove.nu\/index.php?rest_route=%2Fwp%2Fv2%2Fcomments&post=7153"}],"version-history":[{"count":4,"href":"https:\/\/sven-ove.nu\/index.php?rest_route=\/wp\/v2\/posts\/7153\/revisions"}],"predecessor-version":[{"id":7220,"href":"https:\/\/sven-ove.nu\/index.php?rest_route=\/wp\/v2\/posts\/7153\/revisions\/7220"}],"wp:attachment":[{"href":"https:\/\/sven-ove.nu\/index.php?rest_route=%2Fwp%2Fv2%2Fmedia&parent=7153"}],"wp:term":[{"taxonomy":"category","embeddable":true,"href":"https:\/\/sven-ove.nu\/index.php?rest_route=%2Fwp%2Fv2%2Fcategories&post=7153"},{"taxonomy":"post_tag","embeddable":true,"href":"https:\/\/sven-ove.nu\/index.php?rest_route=%2Fwp%2Fv2%2Ftags&post=7153"}],"curies":[{"name":"wp","href":"https:\/\/api.w.org\/{rel}","templated":true}]}}