{"id":7228,"date":"2013-10-28T03:00:19","date_gmt":"2013-10-28T02:00:19","guid":{"rendered":"http:\/\/sven-ove.nu\/?p=7228"},"modified":"2013-10-26T12:30:42","modified_gmt":"2013-10-26T11:30:42","slug":"sista-varningen","status":"publish","type":"post","link":"https:\/\/sven-ove.nu\/?p=7228","title":{"rendered":"Sista varningen"},"content":{"rendered":"<p><a href=\"https:\/\/sven-ove.nu\/wp-content\/uploads\/2013\/10\/Skriver-p\u00e5-terrass-kopia.jpg\"><img loading=\"lazy\" decoding=\"async\" class=\"alignright size-large wp-image-7231\" alt=\"OLYMPUS DIGITAL CAMERA\" src=\"https:\/\/sven-ove.nu\/wp-content\/uploads\/2013\/10\/Skriver-p\u00e5-terrass-kopia-1024x768.jpg\" width=\"640\" height=\"480\" srcset=\"https:\/\/sven-ove.nu\/wp-content\/uploads\/2013\/10\/Skriver-p\u00e5-terrass-kopia-1024x768.jpg 1024w, https:\/\/sven-ove.nu\/wp-content\/uploads\/2013\/10\/Skriver-p\u00e5-terrass-kopia-300x224.jpg 300w\" sizes=\"auto, (max-width: 640px) 100vw, 640px\" \/><\/a><\/p>\n<p>Jag har f\u00e5tt sista varningen fr\u00e5n f\u00f6rfattarf\u00f6rbundet. Nu blir jag strax avf\u00f6rd som medlem. Det \u00e4r ett sv\u00e5rt meddelande att f\u00e5 f\u00f6r den som tror p\u00e5 det fackliga l\u00f6ftet och varit medlem i facket sedan f\u00f6rsta dagen p\u00e5 f\u00f6rsta jobbet.<\/p>\n<p>N\u00e5, som kommunaltj\u00e4nsteman \u00e4r jag fortsatt medlem i Vision, vilket \u00e4r det konstiga namnet p\u00e5 mitt fackf\u00f6rbund numera, s\u00e5 nog \u00e4r jag en i ledet. Svartfot blir jag aldrig.<\/p>\n<p>Det var 1980 jag kom med i f\u00f6rfattarnas f\u00f6rbund. Ingen helt enkel bedrift, du var tvungen att ha skrivit tv\u00e5 b\u00f6cker som fanns p\u00e5 bibliotek, det var huvudregeln. Sedan for jag p\u00e5 n\u00e5gra f\u00f6rfattarst\u00e4mmor i Stockholm och f\u00f6r n\u00e5got \u00e5r sedan tr\u00e4ffade jag min d\u00e5varande f\u00f6rbundsordf\u00f6rande p\u00e5 ett mingel som r\u00e5kade intr\u00e4ffa p\u00e5 det hotell dit slumpen skickat min fru och mig.<\/p>\n<p>&#8211; Vem \u00e4r du? sa han, n\u00e4r jag sa att jag var medlem. Det var en ber\u00e4ttigad fr\u00e5ga.<\/p>\n<p><b><a href=\"https:\/\/sven-ove.nu\/wp-content\/uploads\/2013\/10\/Bokhylla.jpg\"><img loading=\"lazy\" decoding=\"async\" class=\"size-thumbnail wp-image-7234 alignleft\" alt=\"Bokhylla\" src=\"https:\/\/sven-ove.nu\/wp-content\/uploads\/2013\/10\/Bokhylla-150x150.jpg\" width=\"150\" height=\"150\" \/><\/a>23 skrifter, 24 antologier<br \/>\n<\/b>Visst, det har blivit 23 egna skrifter av olika tjocklek och jag finns i 24 antologier. Levt p\u00e5 pennan och tangentbordet har jag gjort sedan 1975. \u00d6ver tusen kr\u00f6nikor publicerade, st\u00e5tt p\u00e5 scenen drygt 600 g\u00e5nger, oftast med egna texter. K\u00e4nt lyckan av en ny bok i handen. N\u00e5gra g\u00e5nger.<\/p>\n<p>Stipendier har jag ocks\u00e5 f\u00e5tt, \u00e4ven av f\u00f6rbundet. Suttit p\u00e5 \u00f6versta altanen p\u00e5 svenska huset i Kavalla och sett ut \u00f6ver Egeiska havet med block och penna i hand medan kyrkklockan slagit sju p\u00e5 andra sidan Emilianougatan. S\u00e4llan har jag skrivit s\u00e5 koncentrerat.<\/p>\n<p>Det har varit en lycklig tid och skriva l\u00e4r jag forts\u00e4tta att g\u00f6ra s\u00e5 l\u00e4nge jag kan. \u00c4ven p\u00e5 fritiden. Det k\u00e4nns bara inte som ett aktivt professionellt f\u00f6rfattarskap l\u00e4ngre. Manus finnes, jag har usb-pinnarna fulla med romaner (n\u00e5ja), men f\u00f6rl\u00e4ggarv\u00e4rlden vill bara n\u00e4stan ge ut dem.<\/p>\n<p><b>Tre block och tv\u00e5 skor<br \/>\n<\/b><a href=\"https:\/\/sven-ove.nu\/wp-content\/uploads\/2013\/10\/Penna-och-block.jpg\"><img loading=\"lazy\" decoding=\"async\" class=\"alignright size-medium wp-image-7236\" alt=\"Penna och block\" src=\"https:\/\/sven-ove.nu\/wp-content\/uploads\/2013\/10\/Penna-och-block-300x205.jpg\" width=\"300\" height=\"205\" srcset=\"https:\/\/sven-ove.nu\/wp-content\/uploads\/2013\/10\/Penna-och-block-300x205.jpg 300w, https:\/\/sven-ove.nu\/wp-content\/uploads\/2013\/10\/Penna-och-block-1024x702.jpg 1024w, https:\/\/sven-ove.nu\/wp-content\/uploads\/2013\/10\/Penna-och-block.jpg 1588w\" sizes=\"auto, (max-width: 300px) 100vw, 300px\" \/><\/a>S\u00f6rjer? Ja, en aning. Ber\u00e4ttelserna har n\u00e5got att s\u00e4ga och lite roliga \u00e4r de v\u00e4l.<\/p>\n<p>G\u00e4ller det livet? Nej, inte s\u00e5 l\u00e4nge det finns ett block, en penna, en trivsam minidator, ett internet och ett par l\u00f6parskor. \u00c5rsavgiften r\u00e4cker till tre moleskinblock och n\u00e4sta \u00e5rs Nike Pegasus. Eller s\u00e5 \u00e5ngrar jag mig och skickar in pengarna i morgon.<\/p>\n<p>Vem \u00e4r jag?<\/p>\n","protected":false},"excerpt":{"rendered":"<p>Jag har f\u00e5tt sista varningen fr\u00e5n f\u00f6rfattarf\u00f6rbundet. Nu blir jag strax avf\u00f6rd som medlem. Det \u00e4r ett sv\u00e5rt meddelande att f\u00e5 f\u00f6r den som tror p\u00e5 det fackliga l\u00f6ftet och varit medlem i facket sedan f\u00f6rsta dagen p\u00e5 f\u00f6rsta jobbet. N\u00e5, som kommunaltj\u00e4nsteman \u00e4r jag fortsatt medlem i Vision, vilket \u00e4r det konstiga namnet p\u00e5 &hellip; <a href=\"https:\/\/sven-ove.nu\/?p=7228\" class=\"more-link\">Forts\u00e4tt l\u00e4sa <span class=\"screen-reader-text\">Sista varningen<\/span><\/a><\/p>\n","protected":false},"author":1,"featured_media":0,"comment_status":"open","ping_status":"open","sticky":false,"template":"","format":"standard","meta":{"_crdt_document":"","_monsterinsights_skip_tracking":false,"_monsterinsights_sitenote_active":false,"_monsterinsights_sitenote_note":"","_monsterinsights_sitenote_category":0,"footnotes":""},"categories":[4],"tags":[8,24,17,13],"class_list":["post-7228","post","type-post","status-publish","format-standard","hentry","category-skrivande","tag-historia","tag-karlek","tag-solidaritet","tag-utrustning"],"_links":{"self":[{"href":"https:\/\/sven-ove.nu\/index.php?rest_route=\/wp\/v2\/posts\/7228","targetHints":{"allow":["GET"]}}],"collection":[{"href":"https:\/\/sven-ove.nu\/index.php?rest_route=\/wp\/v2\/posts"}],"about":[{"href":"https:\/\/sven-ove.nu\/index.php?rest_route=\/wp\/v2\/types\/post"}],"author":[{"embeddable":true,"href":"https:\/\/sven-ove.nu\/index.php?rest_route=\/wp\/v2\/users\/1"}],"replies":[{"embeddable":true,"href":"https:\/\/sven-ove.nu\/index.php?rest_route=%2Fwp%2Fv2%2Fcomments&post=7228"}],"version-history":[{"count":6,"href":"https:\/\/sven-ove.nu\/index.php?rest_route=\/wp\/v2\/posts\/7228\/revisions"}],"predecessor-version":[{"id":7252,"href":"https:\/\/sven-ove.nu\/index.php?rest_route=\/wp\/v2\/posts\/7228\/revisions\/7252"}],"wp:attachment":[{"href":"https:\/\/sven-ove.nu\/index.php?rest_route=%2Fwp%2Fv2%2Fmedia&parent=7228"}],"wp:term":[{"taxonomy":"category","embeddable":true,"href":"https:\/\/sven-ove.nu\/index.php?rest_route=%2Fwp%2Fv2%2Fcategories&post=7228"},{"taxonomy":"post_tag","embeddable":true,"href":"https:\/\/sven-ove.nu\/index.php?rest_route=%2Fwp%2Fv2%2Ftags&post=7228"}],"curies":[{"name":"wp","href":"https:\/\/api.w.org\/{rel}","templated":true}]}}