{"id":7239,"date":"2013-10-29T03:00:18","date_gmt":"2013-10-29T02:00:18","guid":{"rendered":"http:\/\/sven-ove.nu\/?p=7239"},"modified":"2013-10-27T09:33:42","modified_gmt":"2013-10-27T08:33:42","slug":"skriv-en-text-prata-med-kai","status":"publish","type":"post","link":"https:\/\/sven-ove.nu\/?p=7239","title":{"rendered":"Skriv en text, prata med Kai"},"content":{"rendered":"<p><a href=\"https:\/\/sven-ove.nu\/wp-content\/uploads\/2013\/10\/N\u00e4r-Kil-blir-snyggt.jpg\"><img loading=\"lazy\" decoding=\"async\" class=\"alignright size-large wp-image-7240\" alt=\"N\u00e4r Kil blir snyggt\" src=\"https:\/\/sven-ove.nu\/wp-content\/uploads\/2013\/10\/N\u00e4r-Kil-blir-snyggt-1024x613.jpg\" width=\"640\" height=\"383\" srcset=\"https:\/\/sven-ove.nu\/wp-content\/uploads\/2013\/10\/N\u00e4r-Kil-blir-snyggt-1024x613.jpg 1024w, https:\/\/sven-ove.nu\/wp-content\/uploads\/2013\/10\/N\u00e4r-Kil-blir-snyggt-300x179.jpg 300w\" sizes=\"auto, (max-width: 640px) 100vw, 640px\" \/><\/a><\/p>\n<p>N\u00e4r jag jobbade p\u00e5 Sm\u00e5lands Folkblad hade vi duktiga fotografer och en bildintresserad chef. S\u00e5 ibland kunde det h\u00e4nda att n\u00e5gon lade en serie bilder framf\u00f6r n\u00e4san p\u00e5 en:<\/p>\n<p>&#8211; Skriv en text. Prata med Kai.<\/p>\n<p>D\u00e5 gjorde vi det, pratade med Kai eller vem det nu var som hade tagit bilderna. Vi borde f\u00f6rst\u00e5s ha varit med n\u00e4r bilderna togs, men detta var ocks\u00e5 en sorts skola i journalistik. En efter en l\u00e4rde vi oss improvisera fram de mest livfulla betraktelser. Det och att bilder ska arrangeras dynamiskt n\u00e4r en tidning g\u00f6r bildreportage.<\/p>\n<p>&#8211; Det ska alltid vara oj\u00e4mnt antal bilder. Och s\u00e5 ska du dra p\u00e5 en av dom. Du kan f\u00f6r fanken inte ha alla lika stora. Dra p\u00e5 en.<\/p>\n<p><strong>Vad skulle P-O eller Rune ha skrivit?<\/strong><br \/>\nAllt detta aprop\u00e5 att livet lagt ett foto fr\u00e5n sp\u00e5r tre i Kil framf\u00f6r n\u00e4san p\u00e5 mig. Jag sj\u00e4lv. Just nu undrar jag vad P-O Nilsson, v\u00e5r legendar, skulle ha skrivit till denna bild.\u00a0H\u00e4r \u00e4r till exempel slutraderna i en artikel av P-O i juli 1980. Han intervjuar de stolta f\u00f6r\u00e4ldrarna till en sm\u00e5l\u00e4ndsk OS-medalj\u00f6r i skytte.<\/p>\n<p><i>\u2013 Det h\u00e4r var en stor dag, s\u00e4ger Mattias och Astrid. F\u00f6rst bronset och sedan h\u00f6et i ladorna. Vilken h\u00e4rlig sommardag&#8230;<\/i><\/p>\n<p>Eller Rune Lindskog p\u00e5 Nya Wermlands-Tidningen. Rune, som utn\u00e4mnde Storgatan i Kil till V\u00e4rmlands fulaste gata, skulle f\u00f6rmodligen ha skrivit n\u00e5got om att en som heter Edison har gjort s\u00e5 att minsta h\u00e5la numera ser sp\u00e4nnande ut vid r\u00e4tt tid p\u00e5 dygnet.<\/p>\n<p>Gl\u00f6dlampan, gl\u00f6dlampan.<\/p>\n<p style=\"padding-left: 30px;\"><strong>Sj\u00e4lv \u00e4r jag alldeles f\u00f6r sn\u00e4ll och skulle troligen ha skrivit n\u00e5got v\u00e4nligt om att t\u00e5get fraktar hopp och k\u00e4rlek med sig. En \u00e4lskad v\u00e4n.<\/strong><\/p>\n<p style=\"padding-left: 30px;\"><strong>F\u00f6r s\u00e5 var det, den d\u00e4r kv\u00e4llen n\u00e4r dimman sl\u00e4pade \u00f6ver perrongerna och h\u00f6gtalarutropet h\u00f6rdes. Snart kommer hon. Inte nu, inte nu men nu.<\/strong><\/p>\n","protected":false},"excerpt":{"rendered":"<p>N\u00e4r jag jobbade p\u00e5 Sm\u00e5lands Folkblad hade vi duktiga fotografer och en bildintresserad chef. S\u00e5 ibland kunde det h\u00e4nda att n\u00e5gon lade en serie bilder framf\u00f6r n\u00e4san p\u00e5 en: &#8211; Skriv en text. Prata med Kai. D\u00e5 gjorde vi det, pratade med Kai eller vem det nu var som hade tagit bilderna. Vi borde f\u00f6rst\u00e5s &hellip; <a href=\"https:\/\/sven-ove.nu\/?p=7239\" class=\"more-link\">Forts\u00e4tt l\u00e4sa <span class=\"screen-reader-text\">Skriv en text, prata med Kai<\/span><\/a><\/p>\n","protected":false},"author":1,"featured_media":0,"comment_status":"open","ping_status":"open","sticky":false,"template":"","format":"standard","meta":{"_crdt_document":"","_monsterinsights_skip_tracking":false,"_monsterinsights_sitenote_active":false,"_monsterinsights_sitenote_note":"","_monsterinsights_sitenote_category":0,"footnotes":""},"categories":[10,4],"tags":[8,24,18,15,20],"class_list":["post-7239","post","type-post","status-publish","format-standard","hentry","category-familjen","category-skrivande","tag-historia","tag-karlek","tag-lardomar","tag-mediedjungeln","tag-rad"],"_links":{"self":[{"href":"https:\/\/sven-ove.nu\/index.php?rest_route=\/wp\/v2\/posts\/7239","targetHints":{"allow":["GET"]}}],"collection":[{"href":"https:\/\/sven-ove.nu\/index.php?rest_route=\/wp\/v2\/posts"}],"about":[{"href":"https:\/\/sven-ove.nu\/index.php?rest_route=\/wp\/v2\/types\/post"}],"author":[{"embeddable":true,"href":"https:\/\/sven-ove.nu\/index.php?rest_route=\/wp\/v2\/users\/1"}],"replies":[{"embeddable":true,"href":"https:\/\/sven-ove.nu\/index.php?rest_route=%2Fwp%2Fv2%2Fcomments&post=7239"}],"version-history":[{"count":6,"href":"https:\/\/sven-ove.nu\/index.php?rest_route=\/wp\/v2\/posts\/7239\/revisions"}],"predecessor-version":[{"id":7253,"href":"https:\/\/sven-ove.nu\/index.php?rest_route=\/wp\/v2\/posts\/7239\/revisions\/7253"}],"wp:attachment":[{"href":"https:\/\/sven-ove.nu\/index.php?rest_route=%2Fwp%2Fv2%2Fmedia&parent=7239"}],"wp:term":[{"taxonomy":"category","embeddable":true,"href":"https:\/\/sven-ove.nu\/index.php?rest_route=%2Fwp%2Fv2%2Fcategories&post=7239"},{"taxonomy":"post_tag","embeddable":true,"href":"https:\/\/sven-ove.nu\/index.php?rest_route=%2Fwp%2Fv2%2Ftags&post=7239"}],"curies":[{"name":"wp","href":"https:\/\/api.w.org\/{rel}","templated":true}]}}