{"id":7255,"date":"2013-10-30T03:00:13","date_gmt":"2013-10-30T02:00:13","guid":{"rendered":"http:\/\/sven-ove.nu\/?p=7255"},"modified":"2013-10-29T07:36:08","modified_gmt":"2013-10-29T06:36:08","slug":"vart-tog-ni-vagen-alla-mina-ljud","status":"publish","type":"post","link":"https:\/\/sven-ove.nu\/?p=7255","title":{"rendered":"Vart tog ni v\u00e4gen, alla mina ljud?"},"content":{"rendered":"<p>Aftonbladet Kultur har en miniserie som v\u00e4cker h\u00f6rselminnen. Musikern och journalisten <b>Mikael Str\u00f6mberg<\/b> g\u00e5r igenom utrotningshotade ljud. VHS-bandspelare som spolar tillbaka, pollett som trillar ner, ljudet av ett v\u00e4ntrum, ett modem som drar ig\u00e5ng och en pennv\u00e4ssare. Jag hoppas han skriver fler. Klicka p\u00e5 l\u00e4nken <a href=\"http:\/\/www.aftonbladet.se\/kultur\/article17714951.ab\">Kom in \u00e5 \u00e4t!<\/a> s\u00e5 f\u00e5r du b\u00e5de den texten, ljudet och l\u00e4nk till de \u00f6vriga.<\/p>\n<p>Sj\u00e4lv vet jag ett ljud som \u00e4r utrotningshotat i min v\u00e4rld. Ljudet n\u00e4r jag \u00e5ker spark p\u00e5 skare i gryningen och sneddar \u00f6ver Stormossen. Vart tog det v\u00e4gen?<\/p>\n<p>Kattens trippande uppf\u00f6r trappan i v\u00e5rt hus, tass tasstass tass tass. Den melodin h\u00f6rde jag i m\u00e5nader efter att hon var borta.<\/p>\n<p>Ljuden n\u00e4r farmor vevar separator, korna vill bli mj\u00f6lkade, h\u00f6nsen har lagt \u00e4gg, ett lillasyskon ropar \u201dAff\u00e4rn \u00e4 h\u00e4r\u201d, magister Bergkvist ringer in f\u00f6r hand i Fasteruds skola, jag kickstartar min Fram King Solifer, skrivmaskinen plingar att det \u00e4r dags att byta rad, <a href=\"http:\/\/www.filmarkivet.se\/sv\/Film\/?movieid=408&amp;returnurl=http:\/\/www.filmarkivet.se\/sv\/Sok\/?q%3D%2B%26categoryid%3D16%26page%3D5\" target=\"_blank\"><img loading=\"lazy\" decoding=\"async\" class=\"alignright size-thumbnail wp-image-7257\" alt=\"Pepsodent\" src=\"https:\/\/sven-ove.nu\/wp-content\/uploads\/2013\/10\/Pepsodent-150x150.jpg\" width=\"150\" height=\"150\" \/><\/a>en nyvunnen liftarbekant spelar jewish harp p\u00e5 Dam-platsen i Amsterdam och en ung Bj\u00f6rn Borg sjunger i bioreklamen: \u201d<a href=\"http:\/\/www.filmarkivet.se\/sv\/Film\/?movieid=408&amp;returnurl=http:\/\/www.filmarkivet.se\/sv\/Sok\/?q%3D%2B%26categoryid%3D16%26page%3D5\">Den gula hinnan, det \u00e4r k\u00e4nt, den borstas bort med Pepsodent<\/a>\u201d. (Klicka men var beredd med kudden!). Signaturmelodin till <a href=\"http:\/\/www.youtube.com\/watch?v=jHCmNe_pK8w\">Frukostklubben<\/a>, <a href=\"http:\/\/www.youtube.com\/watch?v=76SBvCTXm5g\">Hylands H\u00f6rna<\/a> och <a href=\"http:\/\/www.youtube.com\/watch?v=bTBapYkD07o\">Dallas<\/a>. Ljudet fr\u00e5n vallningslampan n\u00e4r man tj\u00e4rar ett par Six-Je Elit.<\/p>\n<p>Vart tog ni v\u00e4gen?<\/p>\n<p style=\"padding-left: 30px;\"><i>D\u00e5 har vi \u00e4nd\u00e5 inte pratat om dofter.<br \/>\nF\u00e5r jag f\u00f6resl\u00e5 f\u00e4rskt Bj\u00f6rnklister p\u00e5 en spatel?<\/i><\/p>\n","protected":false},"excerpt":{"rendered":"<p>Aftonbladet Kultur har en miniserie som v\u00e4cker h\u00f6rselminnen. Musikern och journalisten Mikael Str\u00f6mberg g\u00e5r igenom utrotningshotade ljud. VHS-bandspelare som spolar tillbaka, pollett som trillar ner, ljudet av ett v\u00e4ntrum, ett modem som drar ig\u00e5ng och en pennv\u00e4ssare. Jag hoppas han skriver fler. Klicka p\u00e5 l\u00e4nken Kom in \u00e5 \u00e4t! s\u00e5 f\u00e5r du b\u00e5de den texten, &hellip; <a href=\"https:\/\/sven-ove.nu\/?p=7255\" class=\"more-link\">Forts\u00e4tt l\u00e4sa <span class=\"screen-reader-text\">Vart tog ni v\u00e4gen, alla mina ljud?<\/span><\/a><\/p>\n","protected":false},"author":1,"featured_media":0,"comment_status":"open","ping_status":"open","sticky":false,"template":"","format":"standard","meta":{"_crdt_document":"","_monsterinsights_skip_tracking":false,"_monsterinsights_sitenote_active":false,"_monsterinsights_sitenote_note":"","_monsterinsights_sitenote_category":0,"footnotes":""},"categories":[10],"tags":[8,13],"class_list":["post-7255","post","type-post","status-publish","format-standard","hentry","category-familjen","tag-historia","tag-utrustning"],"_links":{"self":[{"href":"https:\/\/sven-ove.nu\/index.php?rest_route=\/wp\/v2\/posts\/7255","targetHints":{"allow":["GET"]}}],"collection":[{"href":"https:\/\/sven-ove.nu\/index.php?rest_route=\/wp\/v2\/posts"}],"about":[{"href":"https:\/\/sven-ove.nu\/index.php?rest_route=\/wp\/v2\/types\/post"}],"author":[{"embeddable":true,"href":"https:\/\/sven-ove.nu\/index.php?rest_route=\/wp\/v2\/users\/1"}],"replies":[{"embeddable":true,"href":"https:\/\/sven-ove.nu\/index.php?rest_route=%2Fwp%2Fv2%2Fcomments&post=7255"}],"version-history":[{"count":4,"href":"https:\/\/sven-ove.nu\/index.php?rest_route=\/wp\/v2\/posts\/7255\/revisions"}],"predecessor-version":[{"id":7260,"href":"https:\/\/sven-ove.nu\/index.php?rest_route=\/wp\/v2\/posts\/7255\/revisions\/7260"}],"wp:attachment":[{"href":"https:\/\/sven-ove.nu\/index.php?rest_route=%2Fwp%2Fv2%2Fmedia&parent=7255"}],"wp:term":[{"taxonomy":"category","embeddable":true,"href":"https:\/\/sven-ove.nu\/index.php?rest_route=%2Fwp%2Fv2%2Fcategories&post=7255"},{"taxonomy":"post_tag","embeddable":true,"href":"https:\/\/sven-ove.nu\/index.php?rest_route=%2Fwp%2Fv2%2Ftags&post=7255"}],"curies":[{"name":"wp","href":"https:\/\/api.w.org\/{rel}","templated":true}]}}