{"id":7262,"date":"2013-10-31T03:00:31","date_gmt":"2013-10-31T02:00:31","guid":{"rendered":"http:\/\/sven-ove.nu\/?p=7262"},"modified":"2013-10-30T19:45:06","modified_gmt":"2013-10-30T18:45:06","slug":"ett-land-med-djupa-klyftor-ar-djupt-korkat","status":"publish","type":"post","link":"https:\/\/sven-ove.nu\/?p=7262","title":{"rendered":"Ett land med djupa klyftor \u00e4r djupt korkat"},"content":{"rendered":"<p><a href=\"https:\/\/sven-ove.nu\/wp-content\/uploads\/2013\/10\/Korkat-f\u00f6rdelat.jpg\"><img loading=\"lazy\" decoding=\"async\" class=\"alignleft size-large wp-image-7264\" alt=\"Korkat f\u00f6rdelat\" src=\"https:\/\/sven-ove.nu\/wp-content\/uploads\/2013\/10\/Korkat-f\u00f6rdelat-1024x768.jpg\" width=\"640\" height=\"480\" srcset=\"https:\/\/sven-ove.nu\/wp-content\/uploads\/2013\/10\/Korkat-f\u00f6rdelat-1024x768.jpg 1024w, https:\/\/sven-ove.nu\/wp-content\/uploads\/2013\/10\/Korkat-f\u00f6rdelat-300x225.jpg 300w, https:\/\/sven-ove.nu\/wp-content\/uploads\/2013\/10\/Korkat-f\u00f6rdelat.jpg 1600w\" sizes=\"auto, (max-width: 640px) 100vw, 640px\" \/><\/a><\/p>\n<p>Jag borde skriva om or\u00e4ttvisorna i Sverige. Jag borde anv\u00e4nda en del av uppgifterna fr\u00e5n unders\u00f6kningen som det ber\u00e4ttas om i nya filmen.<\/p>\n<p style=\"padding-left: 30px;\"><b>Att den rikaste femtedelen av svenskarna \u00e4ger n\u00e4stan allt, eller 87 procent av den totala f\u00f6rm\u00f6genheten.<\/b><\/p>\n<p style=\"padding-left: 30px;\"><b>Att inkomstklyftan bara v\u00e4xer. Sedan 2006 har den tiondel av svenskarna som har l\u00e4gst inkomst tvingats minska sin \u00e5rsinkomst med 3 500 kr. Minska! Under samma tid har den tiondel som tj\u00e4nar mest f\u00e5tt lov att \u00f6ka sin \u00e5rsinkomst med 56 200 kronor.<\/b><\/p>\n<p>Detta borde jag skriva om. En m\u00e4nniska som \u00e4r klyftig \u00e4r smart, ett land med djupa klyftor \u00e4r djupt korkat. Varf\u00f6r skriver jag inte om det varenda dag?<\/p>\n<p><b>46 g\u00e5nger mer \u00e4n en arbetare<br \/>\n<\/b>N\u00e4r Landsorganisationen i Sverige, LO, unders\u00f6kte saken f\u00f6r ett tag sedan kom de fram till att framtiden verkar ljus f\u00f6r svenska miljon\u00e4rer. Fast riktigt s\u00e5 sa de f\u00f6rst\u00e5s inte. I rapporten <a href=\"http:\/\/www.lo.se\/home\/lo\/res.nsf\/vres\/lo_fakta_1366027492914_makteliten_2013_pdf\/$file\/Makteliten_2013.pdf\" target=\"_blank\">Makteliten \u2013 klyftorna best\u00e5r<\/a>\u00a0unders\u00f6kte de omkring 200 maktpersoner inom ekonomi, politik och byr\u00e5krati. N\u00e4rmare best\u00e4mt <b>anst\u00e4llda<\/b> makthavare. Inte kapital\u00e4garna.<\/p>\n<p><a href=\"https:\/\/sven-ove.nu\/wp-content\/uploads\/2013\/10\/Korkat-f\u00f6rdelat.jpg\"><img loading=\"lazy\" decoding=\"async\" class=\"size-thumbnail wp-image-7264 alignright\" alt=\"Korkat f\u00f6rdelat\" src=\"https:\/\/sven-ove.nu\/wp-content\/uploads\/2013\/10\/Korkat-f\u00f6rdelat-150x150.jpg\" width=\"150\" height=\"150\" \/><\/a>\u00c5r 2011 tj\u00e4nade den makteliten i landet i genomsnitt 5,4 miljoner kronor per person och \u00e5r, f\u00f6re skatt. Industriarbetaren tj\u00e4nade 316 000 kronor. Maktelitens inkomst motsvarade i snitt l\u00f6nen f\u00f6r 17 industriarbetare.<\/p>\n<p>Tittar vi p\u00e5 den ekonomiska eliten, toppdirekt\u00f6rerna, s\u00e5 \u00e4r klyftorna \u00e4nnu st\u00f6rre. \u00c5r 1950 tj\u00e4nade den ekonomiska eliten lika mycket som 26 industriarbetare. \u00c5r 1980 var inkomsterna i denna grupp som l\u00e4gst, 9 industriarbetarl\u00f6ner. Under denna period i b\u00f6rjan p\u00e5 1980-talet var inkomstspridningen l\u00e4gst i Sverige.<\/p>\n<p style=\"padding-left: 30px;\"><b>\u00c5r 2011 fick de 50 unders\u00f6kta toppdirekt\u00f6rerna en inkomst p\u00e5 46 industriarbetarl\u00f6ner i snitt. Det motsvarar vad en industriarbetare f\u00e5r ihop i ett helt liv.<\/b><\/p>\n<p><b><a href=\"https:\/\/sven-ove.nu\/wp-content\/uploads\/2013\/10\/Korkat-f\u00f6rdelat.jpg\"><img loading=\"lazy\" decoding=\"async\" class=\"alignleft size-thumbnail wp-image-7264\" alt=\"Korkat f\u00f6rdelat\" src=\"https:\/\/sven-ove.nu\/wp-content\/uploads\/2013\/10\/Korkat-f\u00f6rdelat-150x150.jpg\" width=\"150\" height=\"150\" \/><\/a>Korkad klyfta<br \/>\n<\/b>L\u00e4s siffrorna igen. K\u00e4nner du n\u00e5gra industriarbetare som jobbar h\u00e5rt? Det g\u00f6r jag. K\u00e4nner du n\u00e5gra chefer som ocks\u00e5 jobbar h\u00e5rt? Det g\u00f6r jag. K\u00e4nner du n\u00e5gon enda m\u00e4nniska i hela v\u00e4rlden som \u00e4r v\u00e4rd 46 g\u00e5nger mer i l\u00f6n \u00e4n en industriarbetare? 46 g\u00e5nger. Det g\u00f6r inte jag. Hur jag \u00e4n g\u00e5r igenom bekantskapskretsen och hur jag \u00e4n grubblar, funderar, fantiserar och filosoferar \u2013 s\u00e5 kan jag inte komma p\u00e5 en enda m\u00e4nniska i hela v\u00e4rlden som \u00e4r v\u00e4rd 46 g\u00e5nger mer i l\u00f6n \u00e4n n\u00e5gon annan.<\/p>\n<p>Det \u00e4r inte en n\u00f6dv\u00e4ndig skillnad.<br \/>\nDet \u00e4r en or\u00e4ttvisa.<br \/>\nDet \u00e4r en om\u00e4nsklig och korkad or\u00e4ttvisa.<br \/>\nDen spr\u00e4cker ett samh\u00e4lle.<\/p>\n<p><b>Visa filmen p\u00e5 varenda m\u00f6te<br \/>\n<\/b>Titta p\u00e5 <a href=\"http:\/\/www.youtube.com\/watch?v=mBMx7i3T9VY\">den h\u00e4r filmen<\/a> nu. Klicka och titta. Den \u00e4r ny, tar 5 minuter och 16 sekunder och visar f\u00e4rska siffror \u00f6ver klyftorna i Sverige.<\/p>\n<p>Den filmen borde svensk arbetarr\u00f6relse visa p\u00e5 varenda sammantr\u00e4de fram till valet. S\u00e5 snart en facklig organisation har m\u00f6te, s\u00e5 snart en partigrupp i n\u00e5got fullm\u00e4ktige tr\u00e4ffas, s\u00e5 fort det \u00e4r distriktskongress eller bara ett enkelt litet arbetsutskott. Visa filmen. Titta ordentligt p\u00e5 den. Prata om den. En enda fr\u00e5ga beh\u00f6ver ni st\u00e4lla er:<\/p>\n<p>&#8211; \u00c4r detta r\u00e4tt?<\/p>\n","protected":false},"excerpt":{"rendered":"<p>Jag borde skriva om or\u00e4ttvisorna i Sverige. Jag borde anv\u00e4nda en del av uppgifterna fr\u00e5n unders\u00f6kningen som det ber\u00e4ttas om i nya filmen. Att den rikaste femtedelen av svenskarna \u00e4ger n\u00e4stan allt, eller 87 procent av den totala f\u00f6rm\u00f6genheten. Att inkomstklyftan bara v\u00e4xer. Sedan 2006 har den tiondel av svenskarna som har l\u00e4gst inkomst tvingats &hellip; <a href=\"https:\/\/sven-ove.nu\/?p=7262\" class=\"more-link\">Forts\u00e4tt l\u00e4sa <span class=\"screen-reader-text\">Ett land med djupa klyftor \u00e4r djupt korkat<\/span><\/a><\/p>\n","protected":false},"author":1,"featured_media":0,"comment_status":"open","ping_status":"open","sticky":false,"template":"","format":"standard","meta":{"_crdt_document":"","_monsterinsights_skip_tracking":false,"_monsterinsights_sitenote_active":false,"_monsterinsights_sitenote_note":"","_monsterinsights_sitenote_category":0,"footnotes":""},"categories":[9],"tags":[3,16,18,20,17],"class_list":["post-7262","post","type-post","status-publish","format-standard","hentry","category-politik","tag-arbete","tag-dumheter","tag-lardomar","tag-rad","tag-solidaritet"],"_links":{"self":[{"href":"https:\/\/sven-ove.nu\/index.php?rest_route=\/wp\/v2\/posts\/7262","targetHints":{"allow":["GET"]}}],"collection":[{"href":"https:\/\/sven-ove.nu\/index.php?rest_route=\/wp\/v2\/posts"}],"about":[{"href":"https:\/\/sven-ove.nu\/index.php?rest_route=\/wp\/v2\/types\/post"}],"author":[{"embeddable":true,"href":"https:\/\/sven-ove.nu\/index.php?rest_route=\/wp\/v2\/users\/1"}],"replies":[{"embeddable":true,"href":"https:\/\/sven-ove.nu\/index.php?rest_route=%2Fwp%2Fv2%2Fcomments&post=7262"}],"version-history":[{"count":12,"href":"https:\/\/sven-ove.nu\/index.php?rest_route=\/wp\/v2\/posts\/7262\/revisions"}],"predecessor-version":[{"id":7275,"href":"https:\/\/sven-ove.nu\/index.php?rest_route=\/wp\/v2\/posts\/7262\/revisions\/7275"}],"wp:attachment":[{"href":"https:\/\/sven-ove.nu\/index.php?rest_route=%2Fwp%2Fv2%2Fmedia&parent=7262"}],"wp:term":[{"taxonomy":"category","embeddable":true,"href":"https:\/\/sven-ove.nu\/index.php?rest_route=%2Fwp%2Fv2%2Fcategories&post=7262"},{"taxonomy":"post_tag","embeddable":true,"href":"https:\/\/sven-ove.nu\/index.php?rest_route=%2Fwp%2Fv2%2Ftags&post=7262"}],"curies":[{"name":"wp","href":"https:\/\/api.w.org\/{rel}","templated":true}]}}