{"id":7276,"date":"2013-11-01T03:00:44","date_gmt":"2013-11-01T02:00:44","guid":{"rendered":"http:\/\/sven-ove.nu\/?p=7276"},"modified":"2013-10-31T22:55:02","modified_gmt":"2013-10-31T21:55:02","slug":"manadslon-25-snokappar","status":"publish","type":"post","link":"https:\/\/sven-ove.nu\/?p=7276","title":{"rendered":"M\u00e5nadsl\u00f6n: 25 sn\u00f6k\u00e4ppar"},"content":{"rendered":"<p><a href=\"https:\/\/sven-ove.nu\/wp-content\/uploads\/2013\/11\/Sn\u00f6k\u00e4ppar-s\u00e4ljes.jpg\"><img loading=\"lazy\" decoding=\"async\" class=\"alignright size-medium wp-image-7284\" alt=\"Sn\u00f6k\u00e4ppar s\u00e4ljes\" src=\"https:\/\/sven-ove.nu\/wp-content\/uploads\/2013\/11\/Sn\u00f6k\u00e4ppar-s\u00e4ljes-196x300.jpg\" width=\"196\" height=\"300\" srcset=\"https:\/\/sven-ove.nu\/wp-content\/uploads\/2013\/11\/Sn\u00f6k\u00e4ppar-s\u00e4ljes-196x300.jpg 196w, https:\/\/sven-ove.nu\/wp-content\/uploads\/2013\/11\/Sn\u00f6k\u00e4ppar-s\u00e4ljes-672x1024.jpg 672w, https:\/\/sven-ove.nu\/wp-content\/uploads\/2013\/11\/Sn\u00f6k\u00e4ppar-s\u00e4ljes.jpg 1191w\" sizes=\"auto, (max-width: 196px) 100vw, 196px\" \/><\/a>H\u00f6st i sinnet, dis i luften. P\u00e5 Granng\u00e5rden i Alster v\u00e4ntar de vinter, du f\u00e5r 25 oranga sn\u00f6k\u00e4ppar f\u00f6r 660 kronor. Tjugofem stycken? Hall\u00e5, det \u00e4r ju oj\u00e4mnt antal. Nu blev det lite dumt f\u00f6r oss <a href=\"https:\/\/sven-ove.nu\/?p=1846\">deltidspedanter<\/a>. Bussh\u00e5llplatser och sn\u00f6k\u00e4ppar m\u00e5ste alltid levereras i j\u00e4mna antal, annars k\u00f6r vi i diket.<\/p>\n<p style=\"padding-left: 30px;\"><b>660 kronor \u00e4r exakt vad kl\u00e4df\u00f6retaget Gina Tricot beslutat h\u00f6ja <a href=\"http:\/\/www.politism.se\/story\/gina-tricot-solidariserar-med-sommerskorna\/#post-6413\">minimil\u00f6nen till f\u00f6r sina s\u00f6mmerskor i Bangladesh<\/a>. <\/b><\/p>\n<p style=\"padding-left: 30px;\"><b>25 sn\u00f6k\u00e4ppar i m\u00e5naden.<\/b><\/p>\n<p style=\"text-align: left;\">Jag k\u00f6per 20 kilo svarta solrosfr\u00f6n i st\u00e4llet. 179 kronor, \u201dLimited edition\u201d st\u00e5r det. M\u00e5tte vi bara f\u00e5 Grossbolstorps pilfinkar att \u00e4ta dessa svarta fr\u00f6n. Stolt b\u00e4r jag s\u00e4cken p\u00e5 axeln med kn\u00e4ande hemmans\u00e4garsteg \u00f6ver parkeringen. H\u00e4r setter d\u00e4 inte fast.<\/p>\n<p>660 kronor i m\u00e5naden? Trodde du att kolonialismen var historia?<br \/>\nDet finns inga billiga kl\u00e4der, det \u00e4r alltid n\u00e5gon som m\u00e5ste betala.<\/p>\n<p><b><a href=\"https:\/\/sven-ove.nu\/wp-content\/uploads\/2013\/11\/25-f\u00f6r-660.jpg\"><img loading=\"lazy\" decoding=\"async\" class=\"size-medium wp-image-7281 alignleft\" alt=\"25 f\u00f6r 660\" src=\"https:\/\/sven-ove.nu\/wp-content\/uploads\/2013\/11\/25-f\u00f6r-660-163x300.jpg\" width=\"163\" height=\"300\" srcset=\"https:\/\/sven-ove.nu\/wp-content\/uploads\/2013\/11\/25-f\u00f6r-660-163x300.jpg 163w, https:\/\/sven-ove.nu\/wp-content\/uploads\/2013\/11\/25-f\u00f6r-660-556x1024.jpg 556w, https:\/\/sven-ove.nu\/wp-content\/uploads\/2013\/11\/25-f\u00f6r-660.jpg 1066w\" sizes=\"auto, (max-width: 163px) 100vw, 163px\" \/><\/a>Katten l\u00e5nar oss<br \/>\n<\/b>P\u00e5 en stubb\u00e5ker vid Lillerud g\u00e5r femton tofsvipor och \u00e4ter upp sig. \u00c4r ni kvar s\u00e5 sent, go\u2019v\u00e4nner? Vid H\u00f6glunda g\u00e5rd utanf\u00f6r Edsvalla har fem stora flockar kanadag\u00e4ss mellanlandat. Arten \u00e4r inplanterad, f\u00e5gelv\u00e4nnen Bengt Berg tog hit tv\u00e5 exemplar fr\u00e5n en djurpark i Holland 1927 f\u00f6r att de var s\u00e5 fina. Fyra s\u00e5ngsvanar mitt i st\u00f6rsta flocken str\u00e4cker p\u00e5 sina raka halsar. De \u00e4r finare.<\/p>\n<p>N\u00e4r jag kommer hem ligger Fia, v\u00e5r l\u00e5nekatt, i f\u00f6nstret bakom datorn. Hur vet alla katter att det st\u00e4llet \u00e4r b\u00e4st? Hon l\u00e5nar oss som s\u00e4llskap, n\u00e4r den ordinarie m\u00e4nniska hon skaffat sig \u00e4r bortrest. Det \u00e4r vi som \u00e4r l\u00e5nem\u00e4nniskor.<\/p>\n<p style=\"padding-left: 30px;\"><i>Nu l\u00e4ser jag att tofsvipan flyttar i juni till oktober.<br \/>\n<\/i><i>Det \u00e4r vad jag kallar v\u00e4rml\u00e4ndsk tidtabell.<\/i><i>\u00a0<\/i><\/p>\n<p style=\"padding-left: 30px;\"><i>&#8211; N\u00e4r drar ni?<br \/>\n<\/i><i>&#8211; Te vecka. N\u00e5n g\u00e5ng fr\u00e5n juni till oktober. D\u00e4 \u00e5rner s\u00e4.<\/i><\/p>\n","protected":false},"excerpt":{"rendered":"<p>H\u00f6st i sinnet, dis i luften. P\u00e5 Granng\u00e5rden i Alster v\u00e4ntar de vinter, du f\u00e5r 25 oranga sn\u00f6k\u00e4ppar f\u00f6r 660 kronor. Tjugofem stycken? Hall\u00e5, det \u00e4r ju oj\u00e4mnt antal. Nu blev det lite dumt f\u00f6r oss deltidspedanter. Bussh\u00e5llplatser och sn\u00f6k\u00e4ppar m\u00e5ste alltid levereras i j\u00e4mna antal, annars k\u00f6r vi i diket. 660 kronor \u00e4r exakt &hellip; <a href=\"https:\/\/sven-ove.nu\/?p=7276\" class=\"more-link\">Forts\u00e4tt l\u00e4sa <span class=\"screen-reader-text\">M\u00e5nadsl\u00f6n: 25 sn\u00f6k\u00e4ppar<\/span><\/a><\/p>\n","protected":false},"author":1,"featured_media":0,"comment_status":"open","ping_status":"open","sticky":false,"template":"","format":"standard","meta":{"_crdt_document":"","_monsterinsights_skip_tracking":false,"_monsterinsights_sitenote_active":false,"_monsterinsights_sitenote_note":"","_monsterinsights_sitenote_category":0,"footnotes":""},"categories":[10,6,9],"tags":[16,8,18],"class_list":["post-7276","post","type-post","status-publish","format-standard","hentry","category-familjen","category-natur","category-politik","tag-dumheter","tag-historia","tag-lardomar"],"_links":{"self":[{"href":"https:\/\/sven-ove.nu\/index.php?rest_route=\/wp\/v2\/posts\/7276","targetHints":{"allow":["GET"]}}],"collection":[{"href":"https:\/\/sven-ove.nu\/index.php?rest_route=\/wp\/v2\/posts"}],"about":[{"href":"https:\/\/sven-ove.nu\/index.php?rest_route=\/wp\/v2\/types\/post"}],"author":[{"embeddable":true,"href":"https:\/\/sven-ove.nu\/index.php?rest_route=\/wp\/v2\/users\/1"}],"replies":[{"embeddable":true,"href":"https:\/\/sven-ove.nu\/index.php?rest_route=%2Fwp%2Fv2%2Fcomments&post=7276"}],"version-history":[{"count":19,"href":"https:\/\/sven-ove.nu\/index.php?rest_route=\/wp\/v2\/posts\/7276\/revisions"}],"predecessor-version":[{"id":7299,"href":"https:\/\/sven-ove.nu\/index.php?rest_route=\/wp\/v2\/posts\/7276\/revisions\/7299"}],"wp:attachment":[{"href":"https:\/\/sven-ove.nu\/index.php?rest_route=%2Fwp%2Fv2%2Fmedia&parent=7276"}],"wp:term":[{"taxonomy":"category","embeddable":true,"href":"https:\/\/sven-ove.nu\/index.php?rest_route=%2Fwp%2Fv2%2Fcategories&post=7276"},{"taxonomy":"post_tag","embeddable":true,"href":"https:\/\/sven-ove.nu\/index.php?rest_route=%2Fwp%2Fv2%2Ftags&post=7276"}],"curies":[{"name":"wp","href":"https:\/\/api.w.org\/{rel}","templated":true}]}}