{"id":7300,"date":"2013-12-10T03:01:44","date_gmt":"2013-12-10T02:01:44","guid":{"rendered":"http:\/\/sven-ove.nu\/?p=7300"},"modified":"2013-12-09T18:18:52","modified_gmt":"2013-12-09T17:18:52","slug":"landskap-klimat-karlek","status":"publish","type":"post","link":"https:\/\/sven-ove.nu\/?p=7300","title":{"rendered":"Landskap, klimat, k\u00e4rlek"},"content":{"rendered":"<p><a href=\"https:\/\/sven-ove.nu\/wp-content\/uploads\/2013\/12\/Talltoppar.jpg\"><img loading=\"lazy\" decoding=\"async\" class=\"size-medium wp-image-7744 alignleft\" alt=\"Talltoppar\" src=\"https:\/\/sven-ove.nu\/wp-content\/uploads\/2013\/12\/Talltoppar-108x300.jpg\" width=\"108\" height=\"300\" \/><\/a><\/p>\n<p>&nbsp;<\/p>\n<p>&nbsp;<\/p>\n<p><em>Landskap<\/em> \u00e4r tid som inte har br\u00e5ttom.<br \/>\n<em>Klimat<\/em> \u00e4r v\u00e4der som har t\u00e4nkt p\u00e5 saken.<br \/>\n<em>K\u00e4rlek<\/em> \u00e4r n\u00e4r varje sinne blir saligt s\u00e5 fort det f\u00e5r chansen.<br \/>\nAlla sinnen du har.<\/p>\n<p>S\u00e5 d\u00e4r forts\u00e4tter det sedan.<br \/>\n<em>Dretv\u00e4\u2019r<\/em> \u00e4r n\u00e4r det regnar fast du tydligt sa ifr\u00e5n.<\/p>\n<p>&nbsp;<\/p>\n","protected":false},"excerpt":{"rendered":"<p>&nbsp; &nbsp; Landskap \u00e4r tid som inte har br\u00e5ttom. Klimat \u00e4r v\u00e4der som har t\u00e4nkt p\u00e5 saken. K\u00e4rlek \u00e4r n\u00e4r varje sinne blir saligt s\u00e5 fort det f\u00e5r chansen. Alla sinnen du har. S\u00e5 d\u00e4r forts\u00e4tter det sedan. Dretv\u00e4\u2019r \u00e4r n\u00e4r det regnar fast du tydligt sa ifr\u00e5n. &nbsp;<\/p>\n","protected":false},"author":1,"featured_media":0,"comment_status":"open","ping_status":"open","sticky":false,"template":"","format":"standard","meta":{"_crdt_document":"","_monsterinsights_skip_tracking":false,"_monsterinsights_sitenote_active":false,"_monsterinsights_sitenote_note":"","_monsterinsights_sitenote_category":0,"footnotes":""},"categories":[6],"tags":[24,7,21],"class_list":["post-7300","post","type-post","status-publish","format-standard","hentry","category-natur","tag-karlek","tag-miljo","tag-ord"],"_links":{"self":[{"href":"https:\/\/sven-ove.nu\/index.php?rest_route=\/wp\/v2\/posts\/7300","targetHints":{"allow":["GET"]}}],"collection":[{"href":"https:\/\/sven-ove.nu\/index.php?rest_route=\/wp\/v2\/posts"}],"about":[{"href":"https:\/\/sven-ove.nu\/index.php?rest_route=\/wp\/v2\/types\/post"}],"author":[{"embeddable":true,"href":"https:\/\/sven-ove.nu\/index.php?rest_route=\/wp\/v2\/users\/1"}],"replies":[{"embeddable":true,"href":"https:\/\/sven-ove.nu\/index.php?rest_route=%2Fwp%2Fv2%2Fcomments&post=7300"}],"version-history":[{"count":22,"href":"https:\/\/sven-ove.nu\/index.php?rest_route=\/wp\/v2\/posts\/7300\/revisions"}],"predecessor-version":[{"id":7758,"href":"https:\/\/sven-ove.nu\/index.php?rest_route=\/wp\/v2\/posts\/7300\/revisions\/7758"}],"wp:attachment":[{"href":"https:\/\/sven-ove.nu\/index.php?rest_route=%2Fwp%2Fv2%2Fmedia&parent=7300"}],"wp:term":[{"taxonomy":"category","embeddable":true,"href":"https:\/\/sven-ove.nu\/index.php?rest_route=%2Fwp%2Fv2%2Fcategories&post=7300"},{"taxonomy":"post_tag","embeddable":true,"href":"https:\/\/sven-ove.nu\/index.php?rest_route=%2Fwp%2Fv2%2Ftags&post=7300"}],"curies":[{"name":"wp","href":"https:\/\/api.w.org\/{rel}","templated":true}]}}