{"id":7316,"date":"2013-11-05T03:00:55","date_gmt":"2013-11-05T02:00:55","guid":{"rendered":"http:\/\/sven-ove.nu\/?p=7316"},"modified":"2013-11-03T16:14:23","modified_gmt":"2013-11-03T15:14:23","slug":"en-gang-om-aret","status":"publish","type":"post","link":"https:\/\/sven-ove.nu\/?p=7316","title":{"rendered":"En g\u00e5ng om \u00e5ret"},"content":{"rendered":"<p><a href=\"https:\/\/sven-ove.nu\/wp-content\/uploads\/2013\/11\/R\u00f6de-Orm.jpg\"><img loading=\"lazy\" decoding=\"async\" class=\"alignright size-medium wp-image-7317\" alt=\"R\u00f6de Orm\" src=\"https:\/\/sven-ove.nu\/wp-content\/uploads\/2013\/11\/R\u00f6de-Orm-300x225.jpg\" width=\"300\" height=\"225\" srcset=\"https:\/\/sven-ove.nu\/wp-content\/uploads\/2013\/11\/R\u00f6de-Orm-300x225.jpg 300w, https:\/\/sven-ove.nu\/wp-content\/uploads\/2013\/11\/R\u00f6de-Orm-1024x768.jpg 1024w, https:\/\/sven-ove.nu\/wp-content\/uploads\/2013\/11\/R\u00f6de-Orm.jpg 1600w\" sizes=\"auto, (max-width: 300px) 100vw, 300px\" \/><\/a>Var och en har sitt. Jag har <b>R\u00f6de Orm.<\/b> En g\u00e5ng om \u00e5ret m\u00e5ste jag l\u00e4sa Frans G Bengtssons ber\u00e4ttelse fr\u00e5n okristen tid, annars g\u00e5r det inte bra.<\/p>\n<p>\u2026 och s\u00e5 kommer jag till sidan 66, st\u00e4llet d\u00e4r Orm, Tostes son, sitter vid \u00e5ran som roddarslav.<\/p>\n<p style=\"padding-left: 30px;\"><i>\u201dHan var den ende som satts till \u00e5ran som sk\u00e4ggl\u00f6s yngling; men snart b\u00f6rjade hans sk\u00e4gg v\u00e4xa och blev \u00e4nnu r\u00f6dare \u00e4n hans h\u00e5r, och till sist var det s\u00e5 l\u00e5ngt att det sopade \u00e5ran n\u00e4r han satt b\u00f6jd \u00f6ver den. D\u00e4refter blev det inte l\u00e4ngre, ty \u00e5rans svep h\u00f6ll det avskavt vid den l\u00e4ngden; och av alla s\u00e4tt att ansa sk\u00e4gg, brukade han s\u00e4ga, var detta det s\u00e4msta.\u201d<\/i><\/p>\n<p>Det \u00e4r inte b\u00e4sta boken i hyllan. Den b\u00e4sta har Aspenstr\u00f6m skrivit, eller n\u00e5gon annan k\u00e4rnfull. Inte bryr sig hj\u00e4rnhalvor om s\u00e5dant.<\/p>\n<p>En g\u00e5ng om \u00e5ret.<\/p>\n","protected":false},"excerpt":{"rendered":"<p>Var och en har sitt. Jag har R\u00f6de Orm. En g\u00e5ng om \u00e5ret m\u00e5ste jag l\u00e4sa Frans G Bengtssons ber\u00e4ttelse fr\u00e5n okristen tid, annars g\u00e5r det inte bra. \u2026 och s\u00e5 kommer jag till sidan 66, st\u00e4llet d\u00e4r Orm, Tostes son, sitter vid \u00e5ran som roddarslav. \u201dHan var den ende som satts till \u00e5ran som &hellip; <a href=\"https:\/\/sven-ove.nu\/?p=7316\" class=\"more-link\">Forts\u00e4tt l\u00e4sa <span class=\"screen-reader-text\">En g\u00e5ng om \u00e5ret<\/span><\/a><\/p>\n","protected":false},"author":1,"featured_media":0,"comment_status":"open","ping_status":"open","sticky":false,"template":"","format":"standard","meta":{"_crdt_document":"","_monsterinsights_skip_tracking":false,"_monsterinsights_sitenote_active":false,"_monsterinsights_sitenote_note":"","_monsterinsights_sitenote_category":0,"footnotes":""},"categories":[4],"tags":[8,14],"class_list":["post-7316","post","type-post","status-publish","format-standard","hentry","category-skrivande","tag-historia","tag-lasning"],"_links":{"self":[{"href":"https:\/\/sven-ove.nu\/index.php?rest_route=\/wp\/v2\/posts\/7316","targetHints":{"allow":["GET"]}}],"collection":[{"href":"https:\/\/sven-ove.nu\/index.php?rest_route=\/wp\/v2\/posts"}],"about":[{"href":"https:\/\/sven-ove.nu\/index.php?rest_route=\/wp\/v2\/types\/post"}],"author":[{"embeddable":true,"href":"https:\/\/sven-ove.nu\/index.php?rest_route=\/wp\/v2\/users\/1"}],"replies":[{"embeddable":true,"href":"https:\/\/sven-ove.nu\/index.php?rest_route=%2Fwp%2Fv2%2Fcomments&post=7316"}],"version-history":[{"count":4,"href":"https:\/\/sven-ove.nu\/index.php?rest_route=\/wp\/v2\/posts\/7316\/revisions"}],"predecessor-version":[{"id":7378,"href":"https:\/\/sven-ove.nu\/index.php?rest_route=\/wp\/v2\/posts\/7316\/revisions\/7378"}],"wp:attachment":[{"href":"https:\/\/sven-ove.nu\/index.php?rest_route=%2Fwp%2Fv2%2Fmedia&parent=7316"}],"wp:term":[{"taxonomy":"category","embeddable":true,"href":"https:\/\/sven-ove.nu\/index.php?rest_route=%2Fwp%2Fv2%2Fcategories&post=7316"},{"taxonomy":"post_tag","embeddable":true,"href":"https:\/\/sven-ove.nu\/index.php?rest_route=%2Fwp%2Fv2%2Ftags&post=7316"}],"curies":[{"name":"wp","href":"https:\/\/api.w.org\/{rel}","templated":true}]}}