{"id":7321,"date":"2013-11-08T03:00:01","date_gmt":"2013-11-08T02:00:01","guid":{"rendered":"http:\/\/sven-ove.nu\/?p=7321"},"modified":"2013-11-06T08:42:55","modified_gmt":"2013-11-06T07:42:55","slug":"skrivovning-gor-en-text-till-bilden","status":"publish","type":"post","link":"https:\/\/sven-ove.nu\/?p=7321","title":{"rendered":"Skriv\u00f6vning: text till bilden"},"content":{"rendered":"<p><a href=\"https:\/\/sven-ove.nu\/wp-content\/uploads\/2013\/11\/A-brunn-med-t\u00e5r.jpg\"><img loading=\"lazy\" decoding=\"async\" class=\"size-medium wp-image-7322 alignright\" alt=\"A-brunn med t\u00e5r\" src=\"https:\/\/sven-ove.nu\/wp-content\/uploads\/2013\/11\/A-brunn-med-t\u00e5r-179x300.jpg\" width=\"179\" height=\"300\" srcset=\"https:\/\/sven-ove.nu\/wp-content\/uploads\/2013\/11\/A-brunn-med-t\u00e5r-179x300.jpg 179w, https:\/\/sven-ove.nu\/wp-content\/uploads\/2013\/11\/A-brunn-med-t\u00e5r-613x1024.jpg 613w, https:\/\/sven-ove.nu\/wp-content\/uploads\/2013\/11\/A-brunn-med-t\u00e5r.jpg 1552w\" sizes=\"auto, (max-width: 179px) 100vw, 179px\" \/><\/a><\/p>\n<p>&nbsp;<\/p>\n<p><strong>\u00d6VNING:<\/strong><br \/>\nSkriv en text till bilden. Associera fritt.\u00a0<em>(Klicka p\u00e5 bilden om du vill se den b\u00e4ttre).<\/em><\/p>\n<p>Diskutera din f\u00e4rdiga \u00f6vningstext. Vad \u00e4r dess styrka, vad vill du f\u00f6rb\u00e4ttra? Skrev du en b\u00f6rjan som f\u00e5ngar l\u00e4saren? Hur lade du upp kompositionen? Replikerna, f\u00f6r de handlingen fram\u00e5t och karakt\u00e4riserar den som talar? Hittade du n\u00e5gra betydelseb\u00e4rande detaljer?<\/p>\n<p style=\"padding-left: 30px;\">\n","protected":false},"excerpt":{"rendered":"<p>&nbsp; \u00d6VNING: Skriv en text till bilden. Associera fritt.\u00a0(Klicka p\u00e5 bilden om du vill se den b\u00e4ttre). Diskutera din f\u00e4rdiga \u00f6vningstext. Vad \u00e4r dess styrka, vad vill du f\u00f6rb\u00e4ttra? Skrev du en b\u00f6rjan som f\u00e5ngar l\u00e4saren? Hur lade du upp kompositionen? Replikerna, f\u00f6r de handlingen fram\u00e5t och karakt\u00e4riserar den som talar? Hittade du n\u00e5gra betydelseb\u00e4rande &hellip; <a href=\"https:\/\/sven-ove.nu\/?p=7321\" class=\"more-link\">Forts\u00e4tt l\u00e4sa <span class=\"screen-reader-text\">Skriv\u00f6vning: text till bilden<\/span><\/a><\/p>\n","protected":false},"author":1,"featured_media":0,"comment_status":"open","ping_status":"open","sticky":false,"template":"","format":"standard","meta":{"_crdt_document":"","_monsterinsights_skip_tracking":false,"_monsterinsights_sitenote_active":false,"_monsterinsights_sitenote_note":"","_monsterinsights_sitenote_category":0,"footnotes":""},"categories":[4],"tags":[3,18,21],"class_list":["post-7321","post","type-post","status-publish","format-standard","hentry","category-skrivande","tag-arbete","tag-lardomar","tag-ord"],"_links":{"self":[{"href":"https:\/\/sven-ove.nu\/index.php?rest_route=\/wp\/v2\/posts\/7321","targetHints":{"allow":["GET"]}}],"collection":[{"href":"https:\/\/sven-ove.nu\/index.php?rest_route=\/wp\/v2\/posts"}],"about":[{"href":"https:\/\/sven-ove.nu\/index.php?rest_route=\/wp\/v2\/types\/post"}],"author":[{"embeddable":true,"href":"https:\/\/sven-ove.nu\/index.php?rest_route=\/wp\/v2\/users\/1"}],"replies":[{"embeddable":true,"href":"https:\/\/sven-ove.nu\/index.php?rest_route=%2Fwp%2Fv2%2Fcomments&post=7321"}],"version-history":[{"count":14,"href":"https:\/\/sven-ove.nu\/index.php?rest_route=\/wp\/v2\/posts\/7321\/revisions"}],"predecessor-version":[{"id":7331,"href":"https:\/\/sven-ove.nu\/index.php?rest_route=\/wp\/v2\/posts\/7321\/revisions\/7331"}],"wp:attachment":[{"href":"https:\/\/sven-ove.nu\/index.php?rest_route=%2Fwp%2Fv2%2Fmedia&parent=7321"}],"wp:term":[{"taxonomy":"category","embeddable":true,"href":"https:\/\/sven-ove.nu\/index.php?rest_route=%2Fwp%2Fv2%2Fcategories&post=7321"},{"taxonomy":"post_tag","embeddable":true,"href":"https:\/\/sven-ove.nu\/index.php?rest_route=%2Fwp%2Fv2%2Ftags&post=7321"}],"curies":[{"name":"wp","href":"https:\/\/api.w.org\/{rel}","templated":true}]}}