{"id":7346,"date":"2013-11-04T03:00:58","date_gmt":"2013-11-04T02:00:58","guid":{"rendered":"http:\/\/sven-ove.nu\/?p=7346"},"modified":"2015-04-26T16:09:44","modified_gmt":"2015-04-26T15:09:44","slug":"jag-hor-vad-du-sager","status":"publish","type":"post","link":"https:\/\/sven-ove.nu\/?p=7346","title":{"rendered":"&#8221;Jag h\u00f6r vad du s\u00e4ger&#8221;"},"content":{"rendered":"<p>Visst ville vi v\u00e4nda upp och ner p\u00e5 v\u00e4rlden. Det var d\u00e4rf\u00f6r v\u00e5ra samtal blev avlyssnade.<\/p>\n<p style=\"padding-left: 30px;\"><strong>Sverige \u00e4gdes av femton familjer, det statsb\u00e4rande partiet brydde sig inte och ute i v\u00e4rlden t\u00e4vlade tv\u00e5 supermakter om att ockupera de underlydande folk som hotade bli f\u00f6r sj\u00e4lvst\u00e4ndiga inom just deras block. I hela v\u00e4rlden hade kvinnor l\u00e4gre l\u00f6n f\u00f6r att de var kvinnor, demokratin gjorde halt vid fabriksgrindarna, milj\u00f6n f\u00f6rst\u00f6rdes i tillv\u00e4xtens namn och i USA och Sydafrika fick svarta och vita inte dricka vatten ur samma dricksfont\u00e4ner. Fascister satt vid makten i s\u00f6dra Europa.<\/strong><\/p>\n<p>Vem vill inte v\u00e4lta en s\u00e5dan ordning?<\/p>\n<p><b>Gick v\u00e4rlden fram\u00e5t?<br \/>\n<\/b>Det \u00e4r nyttigt att g\u00f6ra en katalog ibland. Jag kunde g\u00f6ra beskrivningen l\u00e4ngre. Den hj\u00e4lper oss att se att p\u00e5 den och den punkten har v\u00e4rlden g\u00e5tt fram\u00e5t men p\u00e5 andra punkter \u00e4r det ingen skillnad. G\u00f6r din egen lista och s\u00e4tt dina egna bockar i kanten.<\/p>\n<p>Klar\u00e4lven g\u00e5r att bada i igen, inga bajskorvar kommer flytande. Amerikanerna fick l\u00e4mna Vietnams djungler och Sovjetunionen finns inte mer. Annat d\u00e4remot finns kvar.<\/p>\n<p><b>Avlyssnade, avfotograferade<br \/>\n<\/b>V\u00e5r analys var grumlig ibland men grundinst\u00e4llningen var sund. Vi ville v\u00e4nda p\u00e5 samh\u00e4llet men folket skulle vara med p\u00e5 saken. Inga kuppmetoder, masslinjen tack. Fanns det en paroll att t\u00e5ga bakom s\u00e5 t\u00e5gade vi. Pl\u00f6tsligt en dag hade v\u00e5r attityd f\u00e5tt r\u00e4tt. Det blev r\u00e4tt att protestera, det blev r\u00e4tt att skriva ins\u00e4ndare och flygblad, det blev r\u00e4tt att g\u00e5 samman och s\u00e4ga ifr\u00e5n.<\/p>\n<p><strong><a href=\"https:\/\/sven-ove.nu\/wp-content\/uploads\/2013\/11\/\u00d6rat-lyssnar.jpg\"><img loading=\"lazy\" decoding=\"async\" class=\"alignleft size-thumbnail wp-image-7374\" src=\"https:\/\/sven-ove.nu\/wp-content\/uploads\/2013\/11\/\u00d6rat-lyssnar-150x150.jpg\" alt=\"\u00d6rat lyssnar\" width=\"150\" height=\"150\" \/><\/a>Och dock lyssnade de. Statsapparaten lyssnade. Avlyssnade v\u00e5ra telefonsamtal, inte allas men vissas. Fotograferade m\u00e4rkv\u00e4rdigt intresserat n\u00e4r vi for till \u00c5m\u00e5l och demonstrerade mot amerikanarnas ambassad\u00f6r under p\u00e5g\u00e5ende Vietnamkrig.\u00a0D\u00e5 g\u00f6mde vi oss bakom plakaten. USA ut ur Vietnam.<\/strong><\/p>\n<p><b>Fick sina liv f\u00f6rst\u00f6rda<br \/>\n<\/b>Sedan kom <a href=\"http:\/\/www.fria.nu\/artikel\/3821\">Torsten Leander-fallet<\/a>. Snickaren som inte fick arbeta \u00e5t marinmuseet i Karlskrona f\u00f6r att hans bil st\u00e5tt parkerad utanf\u00f6r ett m\u00f6te med en f\u00f6rening som slogs f\u00f6r yttrandefrihet. M\u00e5nga \u00e5r efter\u00e5t fick han r\u00e4tt men det var s\u00e5 dags d\u00e5.<\/p>\n<p>F\u00f6r ytterligare en del \u00f6ppnades S\u00c4PO:s akter, men det var ofta f\u00f6r sent. De hade f\u00e5tt sina liv f\u00f6rst\u00f6rda.<\/p>\n<p>\u201dJag h\u00f6r vad du s\u00e4ger\u201d har aldrig varit n\u00e5gon bra replik i min v\u00e4rld.<\/p>\n<p><b>Sl\u00e5r ner p\u00e5 chefens hatt<br \/>\n<\/b>N\u00e4r jag var 19 \u00e5r sj\u00f6ng NJA-gruppen: \u201dF\u00f6rst n\u00e4r r\u00f6ken fr\u00e5n fabriken sl\u00e5r ner p\u00e5 chefens hatt. D\u00e5 f\u00e5r vi en milj\u00f6debatt.\u201d<\/p>\n<p>Det \u00e4r samma sak nu. N\u00e4r unga vietnamdemonstranter avlyssnades och fotograferades, n\u00e4r radikala arbetare registrerades och kandidater p\u00e5 v\u00e4nsterlistor sp\u00e4rrades fr\u00e5n framtida jobb, d\u00e5 teg omv\u00e4rlden. Men ger sig spionerna p\u00e5 att avlyssna Angela Merkel, det starka Tysklands m\u00e4ktiga f\u00f6rbundskansler, makthaverskan framf\u00f6r andra, d\u00e5 tar det hus i helsike.<\/p>\n<p>Det h\u00e4nder att jag ler roat.<\/p>\n<p><b>Saker att d\u00f6lja<br \/>\n<\/b>Sj\u00e4lv har jag en v\u00e4n som nyss skrev den klokaste kommentaren till senaste avlyssningsskandalen. \u201dJag har saker att d\u00f6lja\u201d skrev han. Precis s\u00e5 \u00e4r det ju. Vi har alla saker att d\u00f6lja. S\u00e5 h\u00e4r skrev han:<\/p>\n<p style=\"padding-left: 30px;\"><i>\u201d<a href=\"https:\/\/sven-ove.nu\/wp-content\/uploads\/2013\/11\/\u00d6rat-lyssnar.jpg\"><img loading=\"lazy\" decoding=\"async\" class=\"alignright size-thumbnail wp-image-7374\" src=\"https:\/\/sven-ove.nu\/wp-content\/uploads\/2013\/11\/\u00d6rat-lyssnar-150x150.jpg\" alt=\"\u00d6rat lyssnar\" width=\"150\" height=\"150\" \/><\/a>\u00c4ven lokalt har argument (n\u00e4mnts) som att har du inget att d\u00f6lja spelar det v\u00e4l ingen roll \/\u2026\/ Jag kan \u00e4rligt s\u00e4ga att jag har saker att d\u00f6lja fast de inget har med terrorism eller annan brottslighet att g\u00f6ra. Jag vill helt enkelt vara ifred, klia mig p\u00e5 n\u00e4san eller p\u00e5 andra delar av kroppen, prata i telefon med v\u00e4nner och kamrater utan att maktrusiga spioner registrerar vad jag g\u00f6r.\u201d<\/i><\/p>\n<p>Precis s\u00e5 enkelt \u00e4r det.<br \/>\nPeta n\u00e4san-spioner blir med tiden r\u00e4tt irriterande. S\u00e5dana som kontrollerar utanf\u00f6r vilka m\u00f6ten du parkerar. S\u00e5dana som h\u00f6rs p\u00e5 tr\u00e5den n\u00e4r du ringer. S\u00e5dana som \u00f6ppnar dina brev och samlar dina sms och mejl.<\/p>\n<p style=\"padding-left: 30px;\"><b>Jag vill f\u00f6rresten fortfarande <a href=\"https:\/\/sven-ove.nu\/?p=4572\">v\u00e4nda<\/a> upp och ner p\u00e5 v\u00e4rlden tills den blir <a href=\"https:\/\/sven-ove.nu\/?page_id=100\">r\u00e4ttvis<\/a>. Skriv upp det nu, s\u00e5 jag f\u00e5r fred.<\/b><\/p>\n","protected":false},"excerpt":{"rendered":"<p>Visst ville vi v\u00e4nda upp och ner p\u00e5 v\u00e4rlden. Det var d\u00e4rf\u00f6r v\u00e5ra samtal blev avlyssnade. Sverige \u00e4gdes av femton familjer, det statsb\u00e4rande partiet brydde sig inte och ute i v\u00e4rlden t\u00e4vlade tv\u00e5 supermakter om att ockupera de underlydande folk som hotade bli f\u00f6r sj\u00e4lvst\u00e4ndiga inom just deras block. I hela v\u00e4rlden hade kvinnor l\u00e4gre &hellip; <a href=\"https:\/\/sven-ove.nu\/?p=7346\" class=\"more-link\">Forts\u00e4tt l\u00e4sa <span class=\"screen-reader-text\">&#8221;Jag h\u00f6r vad du s\u00e4ger&#8221;<\/span><\/a><\/p>\n","protected":false},"author":1,"featured_media":0,"comment_status":"open","ping_status":"open","sticky":false,"template":"","format":"standard","meta":{"_crdt_document":"","_monsterinsights_skip_tracking":false,"_monsterinsights_sitenote_active":false,"_monsterinsights_sitenote_note":"","_monsterinsights_sitenote_category":0,"footnotes":""},"categories":[9],"tags":[16,8,7,17],"class_list":["post-7346","post","type-post","status-publish","format-standard","hentry","category-politik","tag-dumheter","tag-historia","tag-miljo","tag-solidaritet"],"_links":{"self":[{"href":"https:\/\/sven-ove.nu\/index.php?rest_route=\/wp\/v2\/posts\/7346","targetHints":{"allow":["GET"]}}],"collection":[{"href":"https:\/\/sven-ove.nu\/index.php?rest_route=\/wp\/v2\/posts"}],"about":[{"href":"https:\/\/sven-ove.nu\/index.php?rest_route=\/wp\/v2\/types\/post"}],"author":[{"embeddable":true,"href":"https:\/\/sven-ove.nu\/index.php?rest_route=\/wp\/v2\/users\/1"}],"replies":[{"embeddable":true,"href":"https:\/\/sven-ove.nu\/index.php?rest_route=%2Fwp%2Fv2%2Fcomments&post=7346"}],"version-history":[{"count":32,"href":"https:\/\/sven-ove.nu\/index.php?rest_route=\/wp\/v2\/posts\/7346\/revisions"}],"predecessor-version":[{"id":11329,"href":"https:\/\/sven-ove.nu\/index.php?rest_route=\/wp\/v2\/posts\/7346\/revisions\/11329"}],"wp:attachment":[{"href":"https:\/\/sven-ove.nu\/index.php?rest_route=%2Fwp%2Fv2%2Fmedia&parent=7346"}],"wp:term":[{"taxonomy":"category","embeddable":true,"href":"https:\/\/sven-ove.nu\/index.php?rest_route=%2Fwp%2Fv2%2Fcategories&post=7346"},{"taxonomy":"post_tag","embeddable":true,"href":"https:\/\/sven-ove.nu\/index.php?rest_route=%2Fwp%2Fv2%2Ftags&post=7346"}],"curies":[{"name":"wp","href":"https:\/\/api.w.org\/{rel}","templated":true}]}}