{"id":7387,"date":"2013-11-07T03:00:54","date_gmt":"2013-11-07T02:00:54","guid":{"rendered":"http:\/\/sven-ove.nu\/?p=7387"},"modified":"2013-11-06T08:50:16","modified_gmt":"2013-11-06T07:50:16","slug":"skogen-ar-fattigmans-troja","status":"publish","type":"post","link":"https:\/\/sven-ove.nu\/?p=7387","title":{"rendered":"Fattigmans tr\u00f6ja"},"content":{"rendered":"<p><a href=\"https:\/\/sven-ove.nu\/wp-content\/uploads\/2013\/11\/Skogen.jpg\"><img loading=\"lazy\" decoding=\"async\" class=\"alignleft size-full wp-image-7388\" alt=\"Skogen\" src=\"https:\/\/sven-ove.nu\/wp-content\/uploads\/2013\/11\/Skogen.jpg\" width=\"504\" height=\"370\" srcset=\"https:\/\/sven-ove.nu\/wp-content\/uploads\/2013\/11\/Skogen.jpg 504w, https:\/\/sven-ove.nu\/wp-content\/uploads\/2013\/11\/Skogen-300x220.jpg 300w\" sizes=\"auto, (max-width: 504px) 100vw, 504px\" \/><\/a><\/p>\n<p>&nbsp;<\/p>\n<p>&nbsp;<\/p>\n<p>&nbsp;<\/p>\n<p>&nbsp;<\/p>\n<p>&nbsp;<\/p>\n<p>&nbsp;<\/p>\n<p>&nbsp;<\/p>\n<p>&nbsp;<\/p>\n<p>Skogen \u00e4r fattigmans tr\u00f6ja, sa Maja Ekel\u00f6f fr\u00e5n en talarstol i Torsby. Naturligtvis. Precis s\u00e5 enkelt \u00e4r det. Hon har funnits n\u00e4stan lika l\u00e4nge som oss, den tr\u00f6jan. Alltid varm f\u00f6r den som f\u00f6rst\u00e5r att anv\u00e4nda henne.<\/p>\n<p>Maja Ekel\u00f6f. Den svenska skurhinkens och l\u00e5gl\u00f6nehelvetets rapport\u00f6r. Klar i tanken, frisk i spr\u00e5ket, fick hon mig att begrunda Ivar Los tes att allt det sp\u00e4nnande finns hos arbetarklassen.<\/p>\n<p style=\"padding-left: 30px;\">*<\/p>\n<p>Vi demonstrerade mot gifterna i skogsbruket. Vi protesterade mot besprutningarna av Fryksdalsbanan. Vi motsatte oss pumpkraftverket som skulle f\u00f6rst\u00f6ra den vackra sj\u00f6n p\u00e5 finnskogen och naturligtvis den livsfarliga k\u00e4rnkraften som kan f\u00f6rst\u00f6ra resten. Vreden var stark men makten kall, trots att vi hade r\u00e4tt den g\u00e5ngen och fast vi har lika r\u00e4tt i dag om v\u00e5ra barns milj\u00f6.<\/p>\n<p>Strax intill stod skogen och h\u00f6ll v\u00e4rmen \u00e5t oss.<br \/>\nDet g\u00f6r hon \u00e4n, den tr\u00f6jan.<\/p>\n","protected":false},"excerpt":{"rendered":"<p>&nbsp; &nbsp; &nbsp; &nbsp; &nbsp; &nbsp; &nbsp; &nbsp; Skogen \u00e4r fattigmans tr\u00f6ja, sa Maja Ekel\u00f6f fr\u00e5n en talarstol i Torsby. Naturligtvis. Precis s\u00e5 enkelt \u00e4r det. Hon har funnits n\u00e4stan lika l\u00e4nge som oss, den tr\u00f6jan. Alltid varm f\u00f6r den som f\u00f6rst\u00e5r att anv\u00e4nda henne. Maja Ekel\u00f6f. Den svenska skurhinkens och l\u00e5gl\u00f6nehelvetets rapport\u00f6r. Klar i &hellip; <a href=\"https:\/\/sven-ove.nu\/?p=7387\" class=\"more-link\">Forts\u00e4tt l\u00e4sa <span class=\"screen-reader-text\">Fattigmans tr\u00f6ja<\/span><\/a><\/p>\n","protected":false},"author":1,"featured_media":0,"comment_status":"open","ping_status":"open","sticky":false,"template":"","format":"standard","meta":{"_crdt_document":"","_monsterinsights_skip_tracking":false,"_monsterinsights_sitenote_active":false,"_monsterinsights_sitenote_note":"","_monsterinsights_sitenote_category":0,"footnotes":""},"categories":[6,9],"tags":[24,7,17],"class_list":["post-7387","post","type-post","status-publish","format-standard","hentry","category-natur","category-politik","tag-karlek","tag-miljo","tag-solidaritet"],"_links":{"self":[{"href":"https:\/\/sven-ove.nu\/index.php?rest_route=\/wp\/v2\/posts\/7387","targetHints":{"allow":["GET"]}}],"collection":[{"href":"https:\/\/sven-ove.nu\/index.php?rest_route=\/wp\/v2\/posts"}],"about":[{"href":"https:\/\/sven-ove.nu\/index.php?rest_route=\/wp\/v2\/types\/post"}],"author":[{"embeddable":true,"href":"https:\/\/sven-ove.nu\/index.php?rest_route=\/wp\/v2\/users\/1"}],"replies":[{"embeddable":true,"href":"https:\/\/sven-ove.nu\/index.php?rest_route=%2Fwp%2Fv2%2Fcomments&post=7387"}],"version-history":[{"count":2,"href":"https:\/\/sven-ove.nu\/index.php?rest_route=\/wp\/v2\/posts\/7387\/revisions"}],"predecessor-version":[{"id":7390,"href":"https:\/\/sven-ove.nu\/index.php?rest_route=\/wp\/v2\/posts\/7387\/revisions\/7390"}],"wp:attachment":[{"href":"https:\/\/sven-ove.nu\/index.php?rest_route=%2Fwp%2Fv2%2Fmedia&parent=7387"}],"wp:term":[{"taxonomy":"category","embeddable":true,"href":"https:\/\/sven-ove.nu\/index.php?rest_route=%2Fwp%2Fv2%2Fcategories&post=7387"},{"taxonomy":"post_tag","embeddable":true,"href":"https:\/\/sven-ove.nu\/index.php?rest_route=%2Fwp%2Fv2%2Ftags&post=7387"}],"curies":[{"name":"wp","href":"https:\/\/api.w.org\/{rel}","templated":true}]}}