{"id":7399,"date":"2013-11-10T03:00:17","date_gmt":"2013-11-10T02:00:17","guid":{"rendered":"http:\/\/sven-ove.nu\/?p=7399"},"modified":"2013-11-07T20:33:49","modified_gmt":"2013-11-07T19:33:49","slug":"gubbarna-leker-pa-facebook","status":"publish","type":"post","link":"https:\/\/sven-ove.nu\/?p=7399","title":{"rendered":"Gubbarna leker p\u00e5 facebook"},"content":{"rendered":"<p>Farsafton, fars dag, annandag far, menl\u00f6sa fars dag, tjugonda far, farstisdagen, f\u00f6rsta far, farsommarafton, farsm\u00e4ss, alla helgons far.<\/p>\n<p>Papps\u00f6ndagen.<\/p>\n<p style=\"padding-left: 30px;\"><i><a href=\"https:\/\/sven-ove.nu\/wp-content\/uploads\/2013\/11\/Ett-trastbo.jpg\"><img loading=\"lazy\" decoding=\"async\" class=\"alignright size-thumbnail wp-image-7404\" alt=\"Ett trastbo\" src=\"https:\/\/sven-ove.nu\/wp-content\/uploads\/2013\/11\/Ett-trastbo-150x150.jpg\" width=\"150\" height=\"150\" \/><\/a>\u2026 och till den som retar sig p\u00e5 denna manschauvinism fr\u00e5n de senaste dagarnas facebookfl\u00f6de mellan m\u00e4n meddelas h\u00e4rmed att allt beror p\u00e5 att vi \u00e4r s\u00e5 innerligt stolta \u00f6ver v\u00e5ra \u00e4lskade ungar. Det \u00e4r f\u00f6r er skull vi leker, barn. \u00a0 \u00a0 \u00a0 \u00a0 \/Kram, Papps<\/i><\/p>\n","protected":false},"excerpt":{"rendered":"<p>Farsafton, fars dag, annandag far, menl\u00f6sa fars dag, tjugonda far, farstisdagen, f\u00f6rsta far, farsommarafton, farsm\u00e4ss, alla helgons far. Papps\u00f6ndagen. \u2026 och till den som retar sig p\u00e5 denna manschauvinism fr\u00e5n de senaste dagarnas facebookfl\u00f6de mellan m\u00e4n meddelas h\u00e4rmed att allt beror p\u00e5 att vi \u00e4r s\u00e5 innerligt stolta \u00f6ver v\u00e5ra \u00e4lskade ungar. Det \u00e4r f\u00f6r &hellip; <a href=\"https:\/\/sven-ove.nu\/?p=7399\" class=\"more-link\">Forts\u00e4tt l\u00e4sa <span class=\"screen-reader-text\">Gubbarna leker p\u00e5 facebook<\/span><\/a><\/p>\n","protected":false},"author":1,"featured_media":0,"comment_status":"open","ping_status":"open","sticky":false,"template":"","format":"standard","meta":{"_crdt_document":"","_monsterinsights_skip_tracking":false,"_monsterinsights_sitenote_active":false,"_monsterinsights_sitenote_note":"","_monsterinsights_sitenote_category":0,"footnotes":""},"categories":[10],"tags":[24,21],"class_list":["post-7399","post","type-post","status-publish","format-standard","hentry","category-familjen","tag-karlek","tag-ord"],"_links":{"self":[{"href":"https:\/\/sven-ove.nu\/index.php?rest_route=\/wp\/v2\/posts\/7399","targetHints":{"allow":["GET"]}}],"collection":[{"href":"https:\/\/sven-ove.nu\/index.php?rest_route=\/wp\/v2\/posts"}],"about":[{"href":"https:\/\/sven-ove.nu\/index.php?rest_route=\/wp\/v2\/types\/post"}],"author":[{"embeddable":true,"href":"https:\/\/sven-ove.nu\/index.php?rest_route=\/wp\/v2\/users\/1"}],"replies":[{"embeddable":true,"href":"https:\/\/sven-ove.nu\/index.php?rest_route=%2Fwp%2Fv2%2Fcomments&post=7399"}],"version-history":[{"count":7,"href":"https:\/\/sven-ove.nu\/index.php?rest_route=\/wp\/v2\/posts\/7399\/revisions"}],"predecessor-version":[{"id":7401,"href":"https:\/\/sven-ove.nu\/index.php?rest_route=\/wp\/v2\/posts\/7399\/revisions\/7401"}],"wp:attachment":[{"href":"https:\/\/sven-ove.nu\/index.php?rest_route=%2Fwp%2Fv2%2Fmedia&parent=7399"}],"wp:term":[{"taxonomy":"category","embeddable":true,"href":"https:\/\/sven-ove.nu\/index.php?rest_route=%2Fwp%2Fv2%2Fcategories&post=7399"},{"taxonomy":"post_tag","embeddable":true,"href":"https:\/\/sven-ove.nu\/index.php?rest_route=%2Fwp%2Fv2%2Ftags&post=7399"}],"curies":[{"name":"wp","href":"https:\/\/api.w.org\/{rel}","templated":true}]}}