{"id":7409,"date":"2013-11-11T03:00:06","date_gmt":"2013-11-11T02:00:06","guid":{"rendered":"http:\/\/sven-ove.nu\/?p=7409"},"modified":"2013-11-11T18:39:54","modified_gmt":"2013-11-11T17:39:54","slug":"gubbgriniga-veckan-klippta-och-skurna","status":"publish","type":"post","link":"https:\/\/sven-ove.nu\/?p=7409","title":{"rendered":"Gubbgriniga veckan I: Klippta och skurna"},"content":{"rendered":"<p>Kv\u00e4llstidningschefer som lever f\u00f6r att se sin tidning bli f\u00f6rst i v\u00e4rlden med artikeln om saxen som klippte finansministerns h\u00e4stsvans &#8211; kanske har hamnat fullkomligt r\u00e4tt h\u00e4r i v\u00e4rlden.<\/p>\n<p><a href=\"https:\/\/sven-ove.nu\/wp-content\/uploads\/2013\/11\/Nyttig-idiot-artikel.jpg\"><img loading=\"lazy\" decoding=\"async\" class=\"alignright size-medium wp-image-7410\" alt=\"Nyttig idiot-artikel\" src=\"https:\/\/sven-ove.nu\/wp-content\/uploads\/2013\/11\/Nyttig-idiot-artikel-300x220.jpg\" width=\"300\" height=\"220\" srcset=\"https:\/\/sven-ove.nu\/wp-content\/uploads\/2013\/11\/Nyttig-idiot-artikel-300x220.jpg 300w, https:\/\/sven-ove.nu\/wp-content\/uploads\/2013\/11\/Nyttig-idiot-artikel.jpg 613w\" sizes=\"auto, (max-width: 300px) 100vw, 300px\" \/><\/a>Exakt r\u00e4tt, som klippta och skurna f\u00f6r just det \u00f6gonblicket. <i>\u201dVi g\u00f6r en grej p\u00e5 saxen!\u201d.\u00a0<\/i>Det kanske var precis den dr\u00f6mmen de dr\u00f6mde n\u00e4r de var 23 och kom in p\u00e5 journalisth\u00f6gskolan.<\/p>\n<p>Eller inte.<br \/>\nT\u00e4nk om det var en helt annan dr\u00f6m som dog, n\u00e4r saxen bl\u00e4nkte i bladet och de blev nyttiga idioter allihop?<\/p>\n<p style=\"padding-left: 30px;\"><i>Fotnot: En nyttig idiot \u00e4r en person som g\u00e5r andras \u00e4renden utan att veta om det. Exempelvis genom att f\u00e5 svenska folket att prata om finansministerns kapade h\u00e5r i st\u00e4llet f\u00f6r hans nedsk\u00e4rningar.<\/i><\/p>\n","protected":false},"excerpt":{"rendered":"<p>Kv\u00e4llstidningschefer som lever f\u00f6r att se sin tidning bli f\u00f6rst i v\u00e4rlden med artikeln om saxen som klippte finansministerns h\u00e4stsvans &#8211; kanske har hamnat fullkomligt r\u00e4tt h\u00e4r i v\u00e4rlden. Exakt r\u00e4tt, som klippta och skurna f\u00f6r just det \u00f6gonblicket. \u201dVi g\u00f6r en grej p\u00e5 saxen!\u201d.\u00a0Det kanske var precis den dr\u00f6mmen de dr\u00f6mde n\u00e4r de var &hellip; <a href=\"https:\/\/sven-ove.nu\/?p=7409\" class=\"more-link\">Forts\u00e4tt l\u00e4sa <span class=\"screen-reader-text\">Gubbgriniga veckan I: Klippta och skurna<\/span><\/a><\/p>\n","protected":false},"author":1,"featured_media":0,"comment_status":"open","ping_status":"open","sticky":false,"template":"","format":"standard","meta":{"_crdt_document":"","_monsterinsights_skip_tracking":false,"_monsterinsights_sitenote_active":false,"_monsterinsights_sitenote_note":"","_monsterinsights_sitenote_category":0,"footnotes":""},"categories":[9,4],"tags":[16,15],"class_list":["post-7409","post","type-post","status-publish","format-standard","hentry","category-politik","category-skrivande","tag-dumheter","tag-mediedjungeln"],"_links":{"self":[{"href":"https:\/\/sven-ove.nu\/index.php?rest_route=\/wp\/v2\/posts\/7409","targetHints":{"allow":["GET"]}}],"collection":[{"href":"https:\/\/sven-ove.nu\/index.php?rest_route=\/wp\/v2\/posts"}],"about":[{"href":"https:\/\/sven-ove.nu\/index.php?rest_route=\/wp\/v2\/types\/post"}],"author":[{"embeddable":true,"href":"https:\/\/sven-ove.nu\/index.php?rest_route=\/wp\/v2\/users\/1"}],"replies":[{"embeddable":true,"href":"https:\/\/sven-ove.nu\/index.php?rest_route=%2Fwp%2Fv2%2Fcomments&post=7409"}],"version-history":[{"count":5,"href":"https:\/\/sven-ove.nu\/index.php?rest_route=\/wp\/v2\/posts\/7409\/revisions"}],"predecessor-version":[{"id":7457,"href":"https:\/\/sven-ove.nu\/index.php?rest_route=\/wp\/v2\/posts\/7409\/revisions\/7457"}],"wp:attachment":[{"href":"https:\/\/sven-ove.nu\/index.php?rest_route=%2Fwp%2Fv2%2Fmedia&parent=7409"}],"wp:term":[{"taxonomy":"category","embeddable":true,"href":"https:\/\/sven-ove.nu\/index.php?rest_route=%2Fwp%2Fv2%2Fcategories&post=7409"},{"taxonomy":"post_tag","embeddable":true,"href":"https:\/\/sven-ove.nu\/index.php?rest_route=%2Fwp%2Fv2%2Ftags&post=7409"}],"curies":[{"name":"wp","href":"https:\/\/api.w.org\/{rel}","templated":true}]}}