{"id":7414,"date":"2013-11-09T09:49:07","date_gmt":"2013-11-09T08:49:07","guid":{"rendered":"http:\/\/sven-ove.nu\/?p=7414"},"modified":"2013-11-10T00:05:53","modified_gmt":"2013-11-09T23:05:53","slug":"andra-tider-nu","status":"publish","type":"post","link":"https:\/\/sven-ove.nu\/?p=7414","title":{"rendered":"Andra tider nu"},"content":{"rendered":"<p><a href=\"https:\/\/sven-ove.nu\/wp-content\/uploads\/2013\/11\/Parner-i-NWT-9-nov-13.jpg\"><img loading=\"lazy\" decoding=\"async\" class=\"alignright size-medium wp-image-7415\" alt=\"Parner i NWT 9 nov 13\" src=\"https:\/\/sven-ove.nu\/wp-content\/uploads\/2013\/11\/Parner-i-NWT-9-nov-13-182x300.jpg\" width=\"182\" height=\"300\" srcset=\"https:\/\/sven-ove.nu\/wp-content\/uploads\/2013\/11\/Parner-i-NWT-9-nov-13-182x300.jpg 182w, https:\/\/sven-ove.nu\/wp-content\/uploads\/2013\/11\/Parner-i-NWT-9-nov-13.jpg 349w\" sizes=\"auto, (max-width: 182px) 100vw, 182px\" \/><\/a>N\u00e5gonting har h\u00e4nt. I dagens NWT kan man l\u00e4sa att en hr Parner t\u00e4nker tillbringa helgen med att recensera Sven-G\u00f6ran Erikssons nya bok. F\u00f6r V\u00e4rmlands Folkblads r\u00e4kning.<\/p>\n<p>VF!?<\/p>\n<p>Det hade varit en om\u00f6jlig notis i NWT 1983. D\u00e5, n\u00e4r det till och med fanns en oskriven lag p\u00e5 Herrg\u00e5rdsgatan att vi aldrig skulle skriva om de lokala etermediak\u00e4ndisarna.<\/p>\n<p>&nbsp;<\/p>\n<p style=\"padding-left: 30px;\"><em><strong>Fotnot<\/strong>: NWT \u00e4r Nya Wermlands-Tidningen och VF \u00e4r V\u00e4rmlands Folkblad, b\u00e5da l\u00e4nstidningar med s\u00e4te i Karlstad. Herrg\u00e5rdsgatan var platsen f\u00f6r NWT innan man byggde nytt f\u00f6r en halv miljard strax intill E18 och Klar\u00e4lven. Hr <a href=\"http:\/\/www.vf.se\/nyheter\/allman\/mats-parner-har-joggat-i-stort-sett-varje-dag-i-36-ar\" target=\"_blank\">Parner<\/a> \u00e4r kr\u00f6nik\u00f6r och <a href=\"http:\/\/www.bokus.com\/cgi-bin\/product_search.cgi?authors=Mats%20Parner\" target=\"_blank\">f\u00f6rfattare<\/a> och har genom \u00e5ren publicerat sig i b\u00e5da bladen.<\/em><\/p>\n","protected":false},"excerpt":{"rendered":"<p>N\u00e5gonting har h\u00e4nt. I dagens NWT kan man l\u00e4sa att en hr Parner t\u00e4nker tillbringa helgen med att recensera Sven-G\u00f6ran Erikssons nya bok. F\u00f6r V\u00e4rmlands Folkblads r\u00e4kning. VF!? Det hade varit en om\u00f6jlig notis i NWT 1983. D\u00e5, n\u00e4r det till och med fanns en oskriven lag p\u00e5 Herrg\u00e5rdsgatan att vi aldrig skulle skriva om &hellip; <a href=\"https:\/\/sven-ove.nu\/?p=7414\" class=\"more-link\">Forts\u00e4tt l\u00e4sa <span class=\"screen-reader-text\">Andra tider nu<\/span><\/a><\/p>\n","protected":false},"author":1,"featured_media":0,"comment_status":"open","ping_status":"open","sticky":false,"template":"","format":"standard","meta":{"_crdt_document":"","_monsterinsights_skip_tracking":false,"_monsterinsights_sitenote_active":false,"_monsterinsights_sitenote_note":"","_monsterinsights_sitenote_category":0,"footnotes":""},"categories":[4],"tags":[8,15],"class_list":["post-7414","post","type-post","status-publish","format-standard","hentry","category-skrivande","tag-historia","tag-mediedjungeln"],"_links":{"self":[{"href":"https:\/\/sven-ove.nu\/index.php?rest_route=\/wp\/v2\/posts\/7414","targetHints":{"allow":["GET"]}}],"collection":[{"href":"https:\/\/sven-ove.nu\/index.php?rest_route=\/wp\/v2\/posts"}],"about":[{"href":"https:\/\/sven-ove.nu\/index.php?rest_route=\/wp\/v2\/types\/post"}],"author":[{"embeddable":true,"href":"https:\/\/sven-ove.nu\/index.php?rest_route=\/wp\/v2\/users\/1"}],"replies":[{"embeddable":true,"href":"https:\/\/sven-ove.nu\/index.php?rest_route=%2Fwp%2Fv2%2Fcomments&post=7414"}],"version-history":[{"count":12,"href":"https:\/\/sven-ove.nu\/index.php?rest_route=\/wp\/v2\/posts\/7414\/revisions"}],"predecessor-version":[{"id":7427,"href":"https:\/\/sven-ove.nu\/index.php?rest_route=\/wp\/v2\/posts\/7414\/revisions\/7427"}],"wp:attachment":[{"href":"https:\/\/sven-ove.nu\/index.php?rest_route=%2Fwp%2Fv2%2Fmedia&parent=7414"}],"wp:term":[{"taxonomy":"category","embeddable":true,"href":"https:\/\/sven-ove.nu\/index.php?rest_route=%2Fwp%2Fv2%2Fcategories&post=7414"},{"taxonomy":"post_tag","embeddable":true,"href":"https:\/\/sven-ove.nu\/index.php?rest_route=%2Fwp%2Fv2%2Ftags&post=7414"}],"curies":[{"name":"wp","href":"https:\/\/api.w.org\/{rel}","templated":true}]}}