{"id":7428,"date":"2013-11-12T03:00:09","date_gmt":"2013-11-12T02:00:09","guid":{"rendered":"http:\/\/sven-ove.nu\/?p=7428"},"modified":"2013-11-15T18:53:23","modified_gmt":"2013-11-15T17:53:23","slug":"gubbgriniga-veckan-idrotten-ar-sald","status":"publish","type":"post","link":"https:\/\/sven-ove.nu\/?p=7428","title":{"rendered":"Gubbgriniga veckan II: Idrotten \u00e4r s\u00e5ld"},"content":{"rendered":"<p>Vinter-OS 2014 har de s\u00e5lt till tv-kanaler vi inte har.<br \/>\nFotbolls-VM 2022 har de s\u00e5lt till ett land d\u00e4r fattiga byggnadsarbetare offrar sina liv f\u00f6r att professionella m\u00e5ngmiljon\u00e4rer ska f\u00e5 chansen att spela fotboll i 50-gradig v\u00e4rme.<br \/>\nFBK 2013 \u00e4r lika s\u00e5ld.<\/p>\n<p><a href=\"https:\/\/sven-ove.nu\/wp-content\/uploads\/2013\/11\/M\u00f6rdarbacken.jpg\"><img loading=\"lazy\" decoding=\"async\" class=\"alignright size-medium wp-image-7429\" alt=\"M\u00f6rdarbacken\" src=\"https:\/\/sven-ove.nu\/wp-content\/uploads\/2013\/11\/M\u00f6rdarbacken-179x300.jpg\" width=\"179\" height=\"300\" srcset=\"https:\/\/sven-ove.nu\/wp-content\/uploads\/2013\/11\/M\u00f6rdarbacken-179x300.jpg 179w, https:\/\/sven-ove.nu\/wp-content\/uploads\/2013\/11\/M\u00f6rdarbacken-613x1024.jpg 613w, https:\/\/sven-ove.nu\/wp-content\/uploads\/2013\/11\/M\u00f6rdarbacken.jpg 1552w\" sizes=\"auto, (max-width: 179px) 100vw, 179px\" \/><\/a>Jag tvivlar p\u00e5 idrotten, sa Ivar Lo Johansson.<\/p>\n<p><a href=\"http:\/\/www.svt.se\/sport\/fotboll\/forbundet-kritiseras-efter-gava\" target=\"_blank\">S\u00e5ld<\/a> var ordet. H\u00e4r hemma \u00e4r det n\u00e5gon som g\u00f6r m\u00f6rdarbacken i elljussp\u00e5ret brantare f\u00f6r varje \u00e5r, har jag m\u00e4rkt. Han b\u00f6rjade n\u00e4r jag fyllde 60. F\u00f6rmodligen g\u00f6r han det med gr\u00e4vmaskin.<\/p>\n<p>Ja, det tror jag. Gr\u00e4vmaskin.<\/p>\n<p>&nbsp;<\/p>\n","protected":false},"excerpt":{"rendered":"<p>Vinter-OS 2014 har de s\u00e5lt till tv-kanaler vi inte har. Fotbolls-VM 2022 har de s\u00e5lt till ett land d\u00e4r fattiga byggnadsarbetare offrar sina liv f\u00f6r att professionella m\u00e5ngmiljon\u00e4rer ska f\u00e5 chansen att spela fotboll i 50-gradig v\u00e4rme. FBK 2013 \u00e4r lika s\u00e5ld. Jag tvivlar p\u00e5 idrotten, sa Ivar Lo Johansson. S\u00e5ld var ordet. H\u00e4r hemma &hellip; <a href=\"https:\/\/sven-ove.nu\/?p=7428\" class=\"more-link\">Forts\u00e4tt l\u00e4sa <span class=\"screen-reader-text\">Gubbgriniga veckan II: Idrotten \u00e4r s\u00e5ld<\/span><\/a><\/p>\n","protected":false},"author":1,"featured_media":0,"comment_status":"open","ping_status":"open","sticky":false,"template":"","format":"standard","meta":{"_crdt_document":"","_monsterinsights_skip_tracking":false,"_monsterinsights_sitenote_active":false,"_monsterinsights_sitenote_note":"","_monsterinsights_sitenote_category":0,"footnotes":""},"categories":[5,9],"tags":[16],"class_list":["post-7428","post","type-post","status-publish","format-standard","hentry","category-lopning","category-politik","tag-dumheter"],"_links":{"self":[{"href":"https:\/\/sven-ove.nu\/index.php?rest_route=\/wp\/v2\/posts\/7428","targetHints":{"allow":["GET"]}}],"collection":[{"href":"https:\/\/sven-ove.nu\/index.php?rest_route=\/wp\/v2\/posts"}],"about":[{"href":"https:\/\/sven-ove.nu\/index.php?rest_route=\/wp\/v2\/types\/post"}],"author":[{"embeddable":true,"href":"https:\/\/sven-ove.nu\/index.php?rest_route=\/wp\/v2\/users\/1"}],"replies":[{"embeddable":true,"href":"https:\/\/sven-ove.nu\/index.php?rest_route=%2Fwp%2Fv2%2Fcomments&post=7428"}],"version-history":[{"count":8,"href":"https:\/\/sven-ove.nu\/index.php?rest_route=\/wp\/v2\/posts\/7428\/revisions"}],"predecessor-version":[{"id":7518,"href":"https:\/\/sven-ove.nu\/index.php?rest_route=\/wp\/v2\/posts\/7428\/revisions\/7518"}],"wp:attachment":[{"href":"https:\/\/sven-ove.nu\/index.php?rest_route=%2Fwp%2Fv2%2Fmedia&parent=7428"}],"wp:term":[{"taxonomy":"category","embeddable":true,"href":"https:\/\/sven-ove.nu\/index.php?rest_route=%2Fwp%2Fv2%2Fcategories&post=7428"},{"taxonomy":"post_tag","embeddable":true,"href":"https:\/\/sven-ove.nu\/index.php?rest_route=%2Fwp%2Fv2%2Ftags&post=7428"}],"curies":[{"name":"wp","href":"https:\/\/api.w.org\/{rel}","templated":true}]}}