{"id":744,"date":"2011-12-30T06:00:58","date_gmt":"2011-12-30T05:00:58","guid":{"rendered":"http:\/\/sven-ove.nu\/?p=744"},"modified":"2011-12-29T23:33:26","modified_gmt":"2011-12-29T22:33:26","slug":"en-dags-semester","status":"publish","type":"post","link":"https:\/\/sven-ove.nu\/?p=744","title":{"rendered":"En dags semester"},"content":{"rendered":"<p>Jag kunde f\u00f6rst\u00e5s g\u00f6ra som f\u00f6rfattaren som steg upp i talarstolen f\u00f6r m\u00e5nga \u00e5r sedan, n\u00e4r jag var p\u00e5 F\u00f6rfattarf\u00f6rbundets \u00e5rsst\u00e4mma:<\/p>\n<p>&#8211; Jag t\u00e4nkte, att n\u00e4r jag nu har \u00e5kt s\u00e5 l\u00e5ngt\u2026 sa han l\u00e5ngsamt, och gjorde en andningspaus. \u00c4nda uppifr\u00e5n nordligare Norrland hade han \u00e5kt, b\u00e5de l\u00e4nge och v\u00e4l, f\u00f6r att ta sig till st\u00e4mman.<\/p>\n<p>&#8211; \u2026 s\u00e5 borde jag s\u00e4ga n\u00e5t. S\u00e5 nu g\u00f6r jag det. N\u00e5t.<\/p>\n<p>Sedan gick norrl\u00e4nningen och satte sig, vi avslutade st\u00e4mman och han for hem.<\/p>\n","protected":false},"excerpt":{"rendered":"<p>Jag kunde f\u00f6rst\u00e5s g\u00f6ra som f\u00f6rfattaren som steg upp i talarstolen f\u00f6r m\u00e5nga \u00e5r sedan, n\u00e4r jag var p\u00e5 F\u00f6rfattarf\u00f6rbundets \u00e5rsst\u00e4mma: &#8211; Jag t\u00e4nkte, att n\u00e4r jag nu har \u00e5kt s\u00e5 l\u00e5ngt\u2026 sa han l\u00e5ngsamt, och gjorde en andningspaus. \u00c4nda uppifr\u00e5n nordligare Norrland hade han \u00e5kt, b\u00e5de l\u00e4nge och v\u00e4l, f\u00f6r att ta sig till &hellip; <a href=\"https:\/\/sven-ove.nu\/?p=744\" class=\"more-link\">Forts\u00e4tt l\u00e4sa <span class=\"screen-reader-text\">En dags semester<\/span><\/a><\/p>\n","protected":false},"author":1,"featured_media":0,"comment_status":"open","ping_status":"open","sticky":false,"template":"","format":"standard","meta":{"_crdt_document":"","_monsterinsights_skip_tracking":false,"_monsterinsights_sitenote_active":false,"_monsterinsights_sitenote_note":"","_monsterinsights_sitenote_category":0,"footnotes":""},"categories":[4],"tags":[21],"class_list":["post-744","post","type-post","status-publish","format-standard","hentry","category-skrivande","tag-ord"],"_links":{"self":[{"href":"https:\/\/sven-ove.nu\/index.php?rest_route=\/wp\/v2\/posts\/744","targetHints":{"allow":["GET"]}}],"collection":[{"href":"https:\/\/sven-ove.nu\/index.php?rest_route=\/wp\/v2\/posts"}],"about":[{"href":"https:\/\/sven-ove.nu\/index.php?rest_route=\/wp\/v2\/types\/post"}],"author":[{"embeddable":true,"href":"https:\/\/sven-ove.nu\/index.php?rest_route=\/wp\/v2\/users\/1"}],"replies":[{"embeddable":true,"href":"https:\/\/sven-ove.nu\/index.php?rest_route=%2Fwp%2Fv2%2Fcomments&post=744"}],"version-history":[{"count":2,"href":"https:\/\/sven-ove.nu\/index.php?rest_route=\/wp\/v2\/posts\/744\/revisions"}],"predecessor-version":[{"id":746,"href":"https:\/\/sven-ove.nu\/index.php?rest_route=\/wp\/v2\/posts\/744\/revisions\/746"}],"wp:attachment":[{"href":"https:\/\/sven-ove.nu\/index.php?rest_route=%2Fwp%2Fv2%2Fmedia&parent=744"}],"wp:term":[{"taxonomy":"category","embeddable":true,"href":"https:\/\/sven-ove.nu\/index.php?rest_route=%2Fwp%2Fv2%2Fcategories&post=744"},{"taxonomy":"post_tag","embeddable":true,"href":"https:\/\/sven-ove.nu\/index.php?rest_route=%2Fwp%2Fv2%2Ftags&post=744"}],"curies":[{"name":"wp","href":"https:\/\/api.w.org\/{rel}","templated":true}]}}