{"id":747,"date":"2011-12-31T00:28:27","date_gmt":"2011-12-30T23:28:27","guid":{"rendered":"http:\/\/sven-ove.nu\/?p=747"},"modified":"2011-12-31T00:28:27","modified_gmt":"2011-12-30T23:28:27","slug":"gott-nytt-ogonblick","status":"publish","type":"post","link":"https:\/\/sven-ove.nu\/?p=747","title":{"rendered":"Gott Nytt \u00d6gonblick!"},"content":{"rendered":"<p>Var jag sju \u00e5r n\u00e4r jag fick min f\u00f6rsta klocka? Tror det. N\u00e4r korta visaren st\u00e5r p\u00e5 8 och l\u00e5nga visaren st\u00e5r p\u00e5 9, d\u00e5 \u00e4r det br\u00e5ttom till skoltaxin.<\/p>\n<p>Passa tider, det var viktigt. \u00c4n i dag \u00e4r jag klockfascist, n\u00e4r n\u00e5gon tycker att hans tid \u00e4r s\u00e5 viktig att han g\u00e4rna f\u00f6rdr\u00f6jer ett sjupersoners m\u00f6te med en kvart. Sju g\u00e5nger 15, det blir mycket nytta det, t\u00e4nker ordningsmannen inom mig. Eller onytta d\u00e5. Mycket pengar f\u00f6r skattebetalarna. Jag tycker inte alltid om den mannen inom mig, men inte om tidstjuveriet heller.<\/p>\n<p>M\u00e4rker du klyvnaden?<\/p>\n<p>N\u00e4r jag var 15 \u00e5r slutade jag b\u00e4ra klocka en l\u00e5ng period. \u201dHon tuggar s\u00f6nder min tid i sm\u00e5 oanv\u00e4ndbara bitar\u201d ber\u00e4ttade jag viktigt, f\u00f6r alla som r\u00e5kade h\u00f6ra. Jag trodde detta var mitt eget p\u00e5hitt.<\/p>\n<p><strong>\u201dDu \u00e4r ledig\u201d<br \/>\n<\/strong>Juldagen 2011 kommer tiden \u00f6ver mig igen. Vi sitter och \u00e4ter v\u00e5ra k\u00f6ttbullar, prinskorvar och skinka, n\u00e4r jag konstaterar att det ska bli sk\u00f6nt att g\u00e5 till jobbet i morgon igen. Det blir tyst runt bordet. \u201dDet \u00e4r annandag jul i morgon, s\u00e4ger min fru till sist. Du \u00e4r ledig\u201d.<\/p>\n<p>Ledig? En l\u00e5ng stund st\u00e5r tiden stilla i mitt universum. En hel ledig dag som jag har f\u00f6rtr\u00e4ngt? F\u00e5r man g\u00e5 till jobbet i alla fall? Det \u00e4r s\u00e5 mycket som\u2026<\/p>\n<p>Sedan s\u00e4tter jag mig i l\u00e4sf\u00e5t\u00f6ljen med Rolf Edbergs bok <strong>Spillran av ett moln <\/strong>i n\u00e4ven. Den som rektorn p\u00e5 \u00c5svallaskolan l\u00e4ste h\u00f6gt f\u00f6r oss i centralh\u00f6gtalarna n\u00e4r jag var 15 \u00e5r. P\u00e5 sidan 9 st\u00e5r det som i eldskrift:<\/p>\n<p><em>\u201dArmbandsuren har vi genom en tyst \u00f6verenskommelse stoppat i r\u00e4nslarna. De ska inte tugga s\u00f6nder tiden f\u00f6r oss. Vi ska \u00e4ga tiden. L\u00e5ta varje \u00f6gonblick vara ett m\u00e5l i sig sj\u00e4lvt.\u201d<\/em><\/p>\n<p>Nu h\u00f6r jag rektor Anderssons st\u00e4mma skallra ur h\u00f6gtalarna i 9a:s klassrum igen. Det var <a href=\"http:\/\/edbergfoundation.org\/rolf-edberg\/bocker-av-rolf-edberg\/rolf-edberg-spillran-av-ett-moln-1966\/\">Rolf Edberg<\/a> som hade t\u00e4nkt den d\u00e4r tanken innan den blev min.<\/p>\n<p>Tiden g\u00e5r inte. Den kommer till oss.<br \/>\nGott Nytt \u00d6gonblick, medm\u00e4nniskor.<\/p>\n","protected":false},"excerpt":{"rendered":"<p>Var jag sju \u00e5r n\u00e4r jag fick min f\u00f6rsta klocka? Tror det. N\u00e4r korta visaren st\u00e5r p\u00e5 8 och l\u00e5nga visaren st\u00e5r p\u00e5 9, d\u00e5 \u00e4r det br\u00e5ttom till skoltaxin. Passa tider, det var viktigt. \u00c4n i dag \u00e4r jag klockfascist, n\u00e4r n\u00e5gon tycker att hans tid \u00e4r s\u00e5 viktig att han g\u00e4rna f\u00f6rdr\u00f6jer ett &hellip; <a href=\"https:\/\/sven-ove.nu\/?p=747\" class=\"more-link\">Forts\u00e4tt l\u00e4sa <span class=\"screen-reader-text\">Gott Nytt \u00d6gonblick!<\/span><\/a><\/p>\n","protected":false},"author":1,"featured_media":0,"comment_status":"open","ping_status":"open","sticky":false,"template":"","format":"standard","meta":{"_crdt_document":"","_monsterinsights_skip_tracking":false,"_monsterinsights_sitenote_active":false,"_monsterinsights_sitenote_note":"","_monsterinsights_sitenote_category":0,"footnotes":""},"categories":[10],"tags":[8,14],"class_list":["post-747","post","type-post","status-publish","format-standard","hentry","category-familjen","tag-historia","tag-lasning"],"_links":{"self":[{"href":"https:\/\/sven-ove.nu\/index.php?rest_route=\/wp\/v2\/posts\/747","targetHints":{"allow":["GET"]}}],"collection":[{"href":"https:\/\/sven-ove.nu\/index.php?rest_route=\/wp\/v2\/posts"}],"about":[{"href":"https:\/\/sven-ove.nu\/index.php?rest_route=\/wp\/v2\/types\/post"}],"author":[{"embeddable":true,"href":"https:\/\/sven-ove.nu\/index.php?rest_route=\/wp\/v2\/users\/1"}],"replies":[{"embeddable":true,"href":"https:\/\/sven-ove.nu\/index.php?rest_route=%2Fwp%2Fv2%2Fcomments&post=747"}],"version-history":[{"count":1,"href":"https:\/\/sven-ove.nu\/index.php?rest_route=\/wp\/v2\/posts\/747\/revisions"}],"predecessor-version":[{"id":748,"href":"https:\/\/sven-ove.nu\/index.php?rest_route=\/wp\/v2\/posts\/747\/revisions\/748"}],"wp:attachment":[{"href":"https:\/\/sven-ove.nu\/index.php?rest_route=%2Fwp%2Fv2%2Fmedia&parent=747"}],"wp:term":[{"taxonomy":"category","embeddable":true,"href":"https:\/\/sven-ove.nu\/index.php?rest_route=%2Fwp%2Fv2%2Fcategories&post=747"},{"taxonomy":"post_tag","embeddable":true,"href":"https:\/\/sven-ove.nu\/index.php?rest_route=%2Fwp%2Fv2%2Ftags&post=747"}],"curies":[{"name":"wp","href":"https:\/\/api.w.org\/{rel}","templated":true}]}}