{"id":7472,"date":"2013-11-15T03:00:48","date_gmt":"2013-11-15T02:00:48","guid":{"rendered":"http:\/\/sven-ove.nu\/?p=7472"},"modified":"2013-11-14T21:09:26","modified_gmt":"2013-11-14T20:09:26","slug":"7472","status":"publish","type":"post","link":"https:\/\/sven-ove.nu\/?p=7472","title":{"rendered":"Gubbgriniga veckan VI: Goda lobbyister"},"content":{"rendered":"<p>Jag \u00e4r ju inte r\u00e4tte mannen\u2026 Men om alla ni som klagar hela dagarna p\u00e5 t\u00e5gf\u00f6rseningar och hackar halva n\u00e4tterna p\u00e5 de kollektiva l\u00f6sningarna, om ni \u00e4gnade en tiondel av den energin till att tvinga svenska rikspolitiker att skaffa fram pengar till b\u00e4ttre j\u00e4rnv\u00e4gar i <a href=\"https:\/\/sven-ove.nu\/wp-content\/uploads\/2013\/11\/T\u00e5gf\u00f6nster.jpg\"><img loading=\"lazy\" decoding=\"async\" class=\"size-medium wp-image-7474 alignleft\" alt=\"T\u00e5gf\u00f6nster\" src=\"https:\/\/sven-ove.nu\/wp-content\/uploads\/2013\/11\/T\u00e5gf\u00f6nster-300x179.jpg\" width=\"300\" height=\"179\" srcset=\"https:\/\/sven-ove.nu\/wp-content\/uploads\/2013\/11\/T\u00e5gf\u00f6nster-300x179.jpg 300w, https:\/\/sven-ove.nu\/wp-content\/uploads\/2013\/11\/T\u00e5gf\u00f6nster-1024x613.jpg 1024w\" sizes=\"auto, (max-width: 300px) 100vw, 300px\" \/><\/a>landet i st\u00e4llet, och kontaktledningar och dubbelsp\u00e5r och m\u00f6tessp\u00e5r och, ja, d\u00e5 kanske ni kunde skriva n\u00e5got roligare p\u00e5 facebook en vacker dag sedan, \u00e4n\u2026<br \/>\n&#8230; asch d\u00e4 kvetter.<\/p>\n<p>Koldioxiden har goda lobbyister.<br \/>\nEn del vet bara inte om det.<\/p>\n","protected":false},"excerpt":{"rendered":"<p>Jag \u00e4r ju inte r\u00e4tte mannen\u2026 Men om alla ni som klagar hela dagarna p\u00e5 t\u00e5gf\u00f6rseningar och hackar halva n\u00e4tterna p\u00e5 de kollektiva l\u00f6sningarna, om ni \u00e4gnade en tiondel av den energin till att tvinga svenska rikspolitiker att skaffa fram pengar till b\u00e4ttre j\u00e4rnv\u00e4gar i landet i st\u00e4llet, och kontaktledningar och dubbelsp\u00e5r och m\u00f6tessp\u00e5r och, &hellip; <a href=\"https:\/\/sven-ove.nu\/?p=7472\" class=\"more-link\">Forts\u00e4tt l\u00e4sa <span class=\"screen-reader-text\">Gubbgriniga veckan VI: Goda lobbyister<\/span><\/a><\/p>\n","protected":false},"author":1,"featured_media":0,"comment_status":"open","ping_status":"open","sticky":false,"template":"","format":"standard","meta":{"_crdt_document":"","_monsterinsights_skip_tracking":false,"_monsterinsights_sitenote_active":false,"_monsterinsights_sitenote_note":"","_monsterinsights_sitenote_category":0,"footnotes":""},"categories":[4],"tags":[20,17],"class_list":["post-7472","post","type-post","status-publish","format-standard","hentry","category-skrivande","tag-rad","tag-solidaritet"],"_links":{"self":[{"href":"https:\/\/sven-ove.nu\/index.php?rest_route=\/wp\/v2\/posts\/7472","targetHints":{"allow":["GET"]}}],"collection":[{"href":"https:\/\/sven-ove.nu\/index.php?rest_route=\/wp\/v2\/posts"}],"about":[{"href":"https:\/\/sven-ove.nu\/index.php?rest_route=\/wp\/v2\/types\/post"}],"author":[{"embeddable":true,"href":"https:\/\/sven-ove.nu\/index.php?rest_route=\/wp\/v2\/users\/1"}],"replies":[{"embeddable":true,"href":"https:\/\/sven-ove.nu\/index.php?rest_route=%2Fwp%2Fv2%2Fcomments&post=7472"}],"version-history":[{"count":12,"href":"https:\/\/sven-ove.nu\/index.php?rest_route=\/wp\/v2\/posts\/7472\/revisions"}],"predecessor-version":[{"id":7490,"href":"https:\/\/sven-ove.nu\/index.php?rest_route=\/wp\/v2\/posts\/7472\/revisions\/7490"}],"wp:attachment":[{"href":"https:\/\/sven-ove.nu\/index.php?rest_route=%2Fwp%2Fv2%2Fmedia&parent=7472"}],"wp:term":[{"taxonomy":"category","embeddable":true,"href":"https:\/\/sven-ove.nu\/index.php?rest_route=%2Fwp%2Fv2%2Fcategories&post=7472"},{"taxonomy":"post_tag","embeddable":true,"href":"https:\/\/sven-ove.nu\/index.php?rest_route=%2Fwp%2Fv2%2Ftags&post=7472"}],"curies":[{"name":"wp","href":"https:\/\/api.w.org\/{rel}","templated":true}]}}