{"id":7491,"date":"2013-11-16T03:00:32","date_gmt":"2013-11-16T02:00:32","guid":{"rendered":"http:\/\/sven-ove.nu\/?p=7491"},"modified":"2013-11-15T14:52:07","modified_gmt":"2013-11-15T13:52:07","slug":"tva-ar-och-halsa-han-som-ska-till-antarktis","status":"publish","type":"post","link":"https:\/\/sven-ove.nu\/?p=7491","title":{"rendered":"Tv\u00e5 \u00e5r och h\u00e4lsa han som ska till Antarktis"},"content":{"rendered":"<p>I dag \u00e4r det tv\u00e5 \u00e5r sedan jag startade bloggen. D\u00e5 var jag mest stolt \u00f6ver att ha f\u00e5tt ig\u00e5ng den alldeles sj\u00e4lv, rent tekniskt. Numera blir det ett inl\u00e4gg om dagen utom vissa helger och enstaka veckovilor. Det \u00e4r f\u00f6r t\u00e4tt men jag har sv\u00e5rt att f\u00e5 stopp p\u00e5 skrivaren inom mig. V\u00e4rlden \u00e4r f\u00f6r skrivbar.<\/p>\n<p style=\"padding-left: 30px;\"><strong><a href=\"https:\/\/sven-ove.nu\/wp-content\/uploads\/2013\/11\/SAM_0646.jpg\"><img loading=\"lazy\" decoding=\"async\" class=\"alignright size-medium wp-image-7496\" alt=\"SAM_0646\" src=\"https:\/\/sven-ove.nu\/wp-content\/uploads\/2013\/11\/SAM_0646-300x225.jpg\" width=\"300\" height=\"225\" srcset=\"https:\/\/sven-ove.nu\/wp-content\/uploads\/2013\/11\/SAM_0646-300x225.jpg 300w, https:\/\/sven-ove.nu\/wp-content\/uploads\/2013\/11\/SAM_0646-1024x768.jpg 1024w\" sizes=\"auto, (max-width: 300px) 100vw, 300px\" \/><\/a>Elva l\u00e4sare var vad jag v\u00e4ntade, efter en enkel unders\u00f6kning i f\u00f6rv\u00e4g. Nu vet jag att det blev fler, i 50 l\u00e4nder och fem v\u00e4rldsdelar. <\/strong><\/p>\n<p style=\"padding-left: 30px;\"><strong>Om n\u00e5gon k\u00e4nner v\u00e4rml\u00e4nningen som ska till Antarktis p\u00e5 jobb ett \u00e5r eller vad det var, s\u00e5 be honom g\u00e4rna klicka sig hit. Han f\u00e5r v\u00e4l ta av sig vantarna.<\/strong><\/p>\n<p>Flest bes\u00f6k blir det n\u00e4r texten \u00e4r personlig och bra, det \u00e4r ju hoppfullt. Allra flest n\u00e4r n\u00e5gon delar p\u00e5 facebook. En s\u00e5dan <a href=\"https:\/\/sven-ove.nu\/?p=7079\">ben\u00e5dad oktoberdag<\/a> hade jag fler l\u00e4sare i Munkfors \u00e4n V\u00e4rmlands Folkblad och Nya Wermlands-Tidningen tillsammans. Andra dagar \u00e4r ni ungef\u00e4r lika m\u00e5nga som NWT har l\u00e4sare i Randers, tror jag. Eller Kolding. De dagarna \u00e4r lika viktiga.<\/p>\n<p style=\"padding-left: 30px;\">H\u00e4r \u00e4r n\u00e5gra inl\u00e4gg ni har gillat:<br \/>\n<a href=\"https:\/\/sven-ove.nu\/?p=731\">Mina l\u00f6parguruer: Erik Bengtson<br \/>\n<\/a><a href=\"https:\/\/sven-ove.nu\/?p=1742\">Vi \u00e4r 589 stycken som l\u00e4ngtar<br \/>\n<\/a><a href=\"https:\/\/sven-ove.nu\/?p=6721\">D\u00e5 ska ni nog inte cykla p\u00e5 offentlig plats<br \/>\n<\/a><a href=\"https:\/\/sven-ove.nu\/?p=4850\">Historiens v\u00e4rsta soptipp och mina barns barns barn<br \/>\n<\/a><a href=\"https:\/\/sven-ove.nu\/?p=5610\">Sveriges f\u00f6rsta v\u00e4rstingresa<\/a><\/p>\n<p style=\"padding-left: 30px;\">Och s\u00e5 en liten sprallig en:<br \/>\n<a href=\"https:\/\/sven-ove.nu\/?p=3712\">Sprinterinfall<\/a><\/p>\n<p>Varje g\u00e5ng jag funderar allvarligt p\u00e5 att sluta kommer det l\u00e4mpligt nog n\u00e5gra v\u00e4nliga l\u00e4sarreaktioner, utan att jag sagt n\u00e5got. Tack f\u00f6r det, jag blir lika glad varenda g\u00e5ng. I morgon ska jag g\u00f6ra en pudel, detta konstiga uttryck. Jag har fegat.<\/p>\n<p>Trivs.<\/p>\n","protected":false},"excerpt":{"rendered":"<p>I dag \u00e4r det tv\u00e5 \u00e5r sedan jag startade bloggen. D\u00e5 var jag mest stolt \u00f6ver att ha f\u00e5tt ig\u00e5ng den alldeles sj\u00e4lv, rent tekniskt. Numera blir det ett inl\u00e4gg om dagen utom vissa helger och enstaka veckovilor. Det \u00e4r f\u00f6r t\u00e4tt men jag har sv\u00e5rt att f\u00e5 stopp p\u00e5 skrivaren inom mig. V\u00e4rlden \u00e4r &hellip; <a href=\"https:\/\/sven-ove.nu\/?p=7491\" class=\"more-link\">Forts\u00e4tt l\u00e4sa <span class=\"screen-reader-text\">Tv\u00e5 \u00e5r och h\u00e4lsa han som ska till Antarktis<\/span><\/a><\/p>\n","protected":false},"author":1,"featured_media":0,"comment_status":"open","ping_status":"open","sticky":false,"template":"","format":"standard","meta":{"_crdt_document":"","_monsterinsights_skip_tracking":false,"_monsterinsights_sitenote_active":false,"_monsterinsights_sitenote_note":"","_monsterinsights_sitenote_category":0,"footnotes":""},"categories":[4],"tags":[8,24,18,13],"class_list":["post-7491","post","type-post","status-publish","format-standard","hentry","category-skrivande","tag-historia","tag-karlek","tag-lardomar","tag-utrustning"],"_links":{"self":[{"href":"https:\/\/sven-ove.nu\/index.php?rest_route=\/wp\/v2\/posts\/7491","targetHints":{"allow":["GET"]}}],"collection":[{"href":"https:\/\/sven-ove.nu\/index.php?rest_route=\/wp\/v2\/posts"}],"about":[{"href":"https:\/\/sven-ove.nu\/index.php?rest_route=\/wp\/v2\/types\/post"}],"author":[{"embeddable":true,"href":"https:\/\/sven-ove.nu\/index.php?rest_route=\/wp\/v2\/users\/1"}],"replies":[{"embeddable":true,"href":"https:\/\/sven-ove.nu\/index.php?rest_route=%2Fwp%2Fv2%2Fcomments&post=7491"}],"version-history":[{"count":9,"href":"https:\/\/sven-ove.nu\/index.php?rest_route=\/wp\/v2\/posts\/7491\/revisions"}],"predecessor-version":[{"id":7502,"href":"https:\/\/sven-ove.nu\/index.php?rest_route=\/wp\/v2\/posts\/7491\/revisions\/7502"}],"wp:attachment":[{"href":"https:\/\/sven-ove.nu\/index.php?rest_route=%2Fwp%2Fv2%2Fmedia&parent=7491"}],"wp:term":[{"taxonomy":"category","embeddable":true,"href":"https:\/\/sven-ove.nu\/index.php?rest_route=%2Fwp%2Fv2%2Fcategories&post=7491"},{"taxonomy":"post_tag","embeddable":true,"href":"https:\/\/sven-ove.nu\/index.php?rest_route=%2Fwp%2Fv2%2Ftags&post=7491"}],"curies":[{"name":"wp","href":"https:\/\/api.w.org\/{rel}","templated":true}]}}