{"id":7503,"date":"2013-11-17T03:00:33","date_gmt":"2013-11-17T02:00:33","guid":{"rendered":"http:\/\/sven-ove.nu\/?p=7503"},"modified":"2013-11-16T12:00:17","modified_gmt":"2013-11-16T11:00:17","slug":"en-sorts-pudel-fran-en-som-fegat","status":"publish","type":"post","link":"https:\/\/sven-ove.nu\/?p=7503","title":{"rendered":"En sorts pudel fr\u00e5n en som fegat"},"content":{"rendered":"<p><a href=\"https:\/\/sven-ove.nu\/wp-content\/uploads\/2013\/11\/Taggtr\u00e5d.jpg\"><img loading=\"lazy\" decoding=\"async\" class=\"alignright size-large wp-image-7507\" alt=\"Taggtr\u00e5d\" src=\"https:\/\/sven-ove.nu\/wp-content\/uploads\/2013\/11\/Taggtr\u00e5d-1024x613.jpg\" width=\"640\" height=\"383\" srcset=\"https:\/\/sven-ove.nu\/wp-content\/uploads\/2013\/11\/Taggtr\u00e5d-1024x613.jpg 1024w, https:\/\/sven-ove.nu\/wp-content\/uploads\/2013\/11\/Taggtr\u00e5d-300x179.jpg 300w\" sizes=\"auto, (max-width: 640px) 100vw, 640px\" \/><\/a><\/p>\n<p>Ibland drar sig den h\u00e4r bloggen f\u00f6r de halvstora orden, jag \u00e4r inte tydlig nog d\u00e4r. En del v\u00e4nner som kommenterat har r\u00e4tt p\u00e5 den punkten. Visst, jag har skrivit en sida som heter <a href=\"https:\/\/sven-ove.nu\/?page_id=100\">Politik<\/a>. D\u00e4r kan hela v\u00e4rlden l\u00e4sa vad jag tycker. Frihet, j\u00e4ml\u2026<\/p>\n<p style=\"padding-left: 30px;\">&#8211; Fast det \u00e4r uppe i det bl\u00e5. Det \u00e4r de stolta orden. Skriv n\u00e5gra rader om hur du vill gestalta dem.<\/p>\n<p style=\"padding-left: 30px;\">&#8211; Gestalta? Tror du jag inbillar mig att jag \u00e4r en s\u00e5n v\u00e4ldig konstn\u00e4r?<\/p>\n<p style=\"padding-left: 30px;\">&#8211; Ja.<\/p>\n<p style=\"padding-left: 30px;\">&#8211; D\u00e5 s\u00e5. Jag vill att r\u00e4ttvisa och solidaritet i Sovjets, nej Rysslands fall ska inneb\u00e4ra till exempel en s\u00e5n enkel sak som att dom som g\u00f6r en m\u00f6jligen en aning missriktad aktion och protesterar i en kyrka s\u00e5 det s\u00e5rar de troende inte ska skickas till Sibirien, f\u00f6r \u00e4ndam\u00e5let var gott och \u00e4ven en troende f\u00e5r offra n\u00e5got f\u00f6r demokratin. Jag vill att <a href=\"https:\/\/sven-ove.nu\/wp-content\/uploads\/2013\/11\/Taggtr\u00e5d-och-m\u00f6rka-skyar.jpg\"><img loading=\"lazy\" decoding=\"async\" class=\"alignright size-medium wp-image-7506\" alt=\"Taggtr\u00e5d och m\u00f6rka skyar\" src=\"https:\/\/sven-ove.nu\/wp-content\/uploads\/2013\/11\/Taggtr\u00e5d-och-m\u00f6rka-skyar-179x300.jpg\" width=\"179\" height=\"300\" srcset=\"https:\/\/sven-ove.nu\/wp-content\/uploads\/2013\/11\/Taggtr\u00e5d-och-m\u00f6rka-skyar-179x300.jpg 179w, https:\/\/sven-ove.nu\/wp-content\/uploads\/2013\/11\/Taggtr\u00e5d-och-m\u00f6rka-skyar-613x1024.jpg 613w, https:\/\/sven-ove.nu\/wp-content\/uploads\/2013\/11\/Taggtr\u00e5d-och-m\u00f6rka-skyar.jpg 1552w\" sizes=\"auto, (max-width: 179px) 100vw, 179px\" \/><\/a>milj\u00f6t\u00e4nkande i Sovjet, nej Ryssland, ska inneb\u00e4ra att Greenpeace modiga k\u00e4mpar inte ska \u00e5talas ens, \u00e4n mindre f\u00f6r <a href=\"http:\/\/www.svd.se\/nyheter\/utrikes\/svensk-atalad-for-huliganism_8670458.svd\">huliganism<\/a>. Jag vill att i Sovjets, nej Rysslands fall ska tsaren, nej Lenin, nej Putin, nej n\u00e5n helt annan v\u00e4ljas p\u00e5 ett s\u00e4tt som \u00e4r verkligt demokratiskt med lika r\u00e4ttigheter f\u00f6r partierna att f\u00f6ra fram sina budskap. Jag vill att vi som visserligen inte f\u00e5r se de olympiska spelen i Sotji eftersom vi inte vill h\u00e5lla p\u00e5 och jaga och k\u00f6pa alla tv-kanalabonnemang som finns, hit och dit mellan evenemangen, eftersom det \u00e4r en dyr och knappast v\u00e4rdig syssels\u00e4ttning, inte ska beh\u00f6va st\u00f6dja tsarens, nej Lenins, nej Putins f\u00f6rf\u00e4rliga lagar om k\u00e4rlek.<\/p>\n<p style=\"padding-left: 30px;\">&#8211; K\u00e4rlek?<\/p>\n<p style=\"padding-left: 30px;\">&#8211; Ja, jag r\u00e5kar tycka att \u00e4ven den kille som gillar killar och den tjej som gillar tjejer \u00e4r m\u00e4nniska och har r\u00e4tt att\u2026<\/p>\n<p style=\"padding-left: 30px;\">&#8211; Lugn, jag fattar\u2026<\/p>\n<p style=\"padding-left: 30px;\">&#8211; \u2026jag vill att tsarens, nej Lenins, nej Putins flygplan ska sluta flyga n\u00e4ra v\u00e5rt territorium och l\u00e5tsas att de krigar mot oss och om de \u00e4nd\u00e5 g\u00f6r det s\u00e5 ska v\u00e5ra egna flygplan vara s\u00e5 m\u00e5nga och piloterna \u00e4nnu fler, s\u00e5 vi \u00e5tminstone kan \u00e5ka upp och\u2026<\/p>\n<p style=\"padding-left: 30px;\">&#8211; \u2026 vinka hotfullt \u00e5t dom, jag fattar. Men v\u00e4nsterpartiet och feminismen d\u00e5? Borde dom inte sluta med det ordet som \u00e4r s\u00e5 illa sett bland vissa och kalla sin feminism f\u00f6r j\u00e4mst\u00e4lldhet i st\u00e4llet?<\/p>\n<p style=\"padding-left: 30px;\">&#8211; Fegt. Hur var det han sa slaktarn hemma, en sl\u00f6 kniv drar inget blod.<\/p>\n<p style=\"padding-left: 30px;\">&#8211; Vad hade ni f\u00f6r slaktare i \u00c4ngeb\u00e4ckstorp?<\/p>\n<p style=\"padding-left: 30px;\">&#8211; Ja bare sk\u00f4ja. Eller inte. August Palm var inte feg. Inte Sara Lidman. Inte Martin Luther King, aldrig Nelson Mandela. Dom sa som det var, inte n\u00e4stan som det var.<\/p>\n<p style=\"padding-left: 30px;\">&#8211; Var Sara Lidman slaktare hemma hos dig?<\/p>\n<p style=\"padding-left: 30px;\">&#8211; G\u00f6r dig inte dummare \u00e4n du \u00e4r. Du vet precis vad jag menar. Var det n\u00e5n som avsl\u00f6jade slaktare s\u00e5 var det Sara Lidman.<\/p>\n<p><b><a href=\"https:\/\/sven-ove.nu\/wp-content\/uploads\/2013\/11\/Liljor-och-lekstuga.jpg\"><img loading=\"lazy\" decoding=\"async\" class=\"alignright size-medium wp-image-7511\" alt=\"Liljor och lekstuga\" src=\"https:\/\/sven-ove.nu\/wp-content\/uploads\/2013\/11\/Liljor-och-lekstuga-217x300.jpg\" width=\"217\" height=\"300\" srcset=\"https:\/\/sven-ove.nu\/wp-content\/uploads\/2013\/11\/Liljor-och-lekstuga-217x300.jpg 217w, https:\/\/sven-ove.nu\/wp-content\/uploads\/2013\/11\/Liljor-och-lekstuga-743x1024.jpg 743w, https:\/\/sven-ove.nu\/wp-content\/uploads\/2013\/11\/Liljor-och-lekstuga.jpg 1552w\" sizes=\"auto, (max-width: 217px) 100vw, 217px\" \/><\/a>Alltid en b\u00f6rjan<br \/>\n<\/b>Ibland drar sig den h\u00e4r bloggen f\u00f6r de halvstora orden, de som f\u00f6rklarar vad jag menar med frihet, j\u00e4mlikhet, systerskap. Jag vet. Det \u00e4r s\u00e5 m\u00e5nga fr\u00e5gor. Kan man f\u00e5 b\u00f6rja med att be om en ny alliansfri regering som v\u00e5gar kalla sig v\u00e4nster, en ny kulturpolitik, lite b\u00e4ttre kondition f\u00f6r egen del, en r\u00e4ttvis v\u00e4rld, feminism, snabb hj\u00e4lp till Filippinerna och en vanlig enkel demokratisk socialism i hela Grossbolstorp samt Sverige, Norden, Europa, Jordklotet och Universum?<\/p>\n<p>Tack, det r\u00e4cker s\u00e5 l\u00e4nge.\u00a0N\u00e4mnde jag konditionen?<\/p>\n","protected":false},"excerpt":{"rendered":"<p>Ibland drar sig den h\u00e4r bloggen f\u00f6r de halvstora orden, jag \u00e4r inte tydlig nog d\u00e4r. En del v\u00e4nner som kommenterat har r\u00e4tt p\u00e5 den punkten. Visst, jag har skrivit en sida som heter Politik. D\u00e4r kan hela v\u00e4rlden l\u00e4sa vad jag tycker. Frihet, j\u00e4ml\u2026 &#8211; Fast det \u00e4r uppe i det bl\u00e5. Det \u00e4r &hellip; <a href=\"https:\/\/sven-ove.nu\/?p=7503\" class=\"more-link\">Forts\u00e4tt l\u00e4sa <span class=\"screen-reader-text\">En sorts pudel fr\u00e5n en som fegat<\/span><\/a><\/p>\n","protected":false},"author":1,"featured_media":0,"comment_status":"open","ping_status":"open","sticky":false,"template":"","format":"standard","meta":{"_crdt_document":"","_monsterinsights_skip_tracking":false,"_monsterinsights_sitenote_active":false,"_monsterinsights_sitenote_note":"","_monsterinsights_sitenote_category":0,"footnotes":""},"categories":[9,4],"tags":[8,24,18,7,20,17],"class_list":["post-7503","post","type-post","status-publish","format-standard","hentry","category-politik","category-skrivande","tag-historia","tag-karlek","tag-lardomar","tag-miljo","tag-rad","tag-solidaritet"],"_links":{"self":[{"href":"https:\/\/sven-ove.nu\/index.php?rest_route=\/wp\/v2\/posts\/7503","targetHints":{"allow":["GET"]}}],"collection":[{"href":"https:\/\/sven-ove.nu\/index.php?rest_route=\/wp\/v2\/posts"}],"about":[{"href":"https:\/\/sven-ove.nu\/index.php?rest_route=\/wp\/v2\/types\/post"}],"author":[{"embeddable":true,"href":"https:\/\/sven-ove.nu\/index.php?rest_route=\/wp\/v2\/users\/1"}],"replies":[{"embeddable":true,"href":"https:\/\/sven-ove.nu\/index.php?rest_route=%2Fwp%2Fv2%2Fcomments&post=7503"}],"version-history":[{"count":13,"href":"https:\/\/sven-ove.nu\/index.php?rest_route=\/wp\/v2\/posts\/7503\/revisions"}],"predecessor-version":[{"id":7520,"href":"https:\/\/sven-ove.nu\/index.php?rest_route=\/wp\/v2\/posts\/7503\/revisions\/7520"}],"wp:attachment":[{"href":"https:\/\/sven-ove.nu\/index.php?rest_route=%2Fwp%2Fv2%2Fmedia&parent=7503"}],"wp:term":[{"taxonomy":"category","embeddable":true,"href":"https:\/\/sven-ove.nu\/index.php?rest_route=%2Fwp%2Fv2%2Fcategories&post=7503"},{"taxonomy":"post_tag","embeddable":true,"href":"https:\/\/sven-ove.nu\/index.php?rest_route=%2Fwp%2Fv2%2Ftags&post=7503"}],"curies":[{"name":"wp","href":"https:\/\/api.w.org\/{rel}","templated":true}]}}