{"id":7523,"date":"2013-11-18T03:00:05","date_gmt":"2013-11-18T02:00:05","guid":{"rendered":"http:\/\/sven-ove.nu\/?p=7523"},"modified":"2013-11-16T16:54:59","modified_gmt":"2013-11-16T15:54:59","slug":"forkortning-for-felhorare","status":"publish","type":"post","link":"https:\/\/sven-ove.nu\/?p=7523","title":{"rendered":"F\u00f6rkortning f\u00f6r felh\u00f6rare"},"content":{"rendered":"<p><b><a href=\"https:\/\/sven-ove.nu\/wp-content\/uploads\/2013\/11\/S\u00e5-kallad-kund.jpg\"><img loading=\"lazy\" decoding=\"async\" class=\"alignright size-medium wp-image-7524\" alt=\"S\u00e5 kallad kund\" src=\"https:\/\/sven-ove.nu\/wp-content\/uploads\/2013\/11\/S\u00e5-kallad-kund-209x300.jpg\" width=\"209\" height=\"300\" srcset=\"https:\/\/sven-ove.nu\/wp-content\/uploads\/2013\/11\/S\u00e5-kallad-kund-209x300.jpg 209w, https:\/\/sven-ove.nu\/wp-content\/uploads\/2013\/11\/S\u00e5-kallad-kund.jpg 255w\" sizes=\"auto, (max-width: 209px) 100vw, 209px\" \/><\/a><\/b><\/p>\n<p><b>NPM<\/b> \u2013 new public management. N\u00e4r n\u00e5gon h\u00f6rt fel och f\u00e5tt f\u00f6r sig att det \u00e4r \u201dkunderna\u201d som vill ha en egen stat.<\/p>\n<p>Inte kurderna.<\/p>\n<p>Vi \u00e4r <a href=\"http:\/\/www.riksdagen.se\/sv\/Dokument-Lagar\/Forslag\/Motioner\/Medborgare--kund_H102K285\/?text=true\">inte kunder<\/a> n\u00e4r vi g\u00e5r p\u00e5 v\u00e5r g\u00e5ngv\u00e4g p\u00e5 Grossbolstorp eller n\u00e4r v\u00e5rdcentralen nere i dalen tar s\u00e4nkan p\u00e5 oss. Det \u00e4r inte den drabbade i artikeln h\u00e4r intill heller.<\/p>\n<p>Kunder \u00e4r vi n\u00e4r vi k\u00f6per k\u00f4rv.<\/p>\n","protected":false},"excerpt":{"rendered":"<p>NPM \u2013 new public management. N\u00e4r n\u00e5gon h\u00f6rt fel och f\u00e5tt f\u00f6r sig att det \u00e4r \u201dkunderna\u201d som vill ha en egen stat. Inte kurderna. Vi \u00e4r inte kunder n\u00e4r vi g\u00e5r p\u00e5 v\u00e5r g\u00e5ngv\u00e4g p\u00e5 Grossbolstorp eller n\u00e4r v\u00e5rdcentralen nere i dalen tar s\u00e4nkan p\u00e5 oss. Det \u00e4r inte den drabbade i artikeln h\u00e4r &hellip; <a href=\"https:\/\/sven-ove.nu\/?p=7523\" class=\"more-link\">Forts\u00e4tt l\u00e4sa <span class=\"screen-reader-text\">F\u00f6rkortning f\u00f6r felh\u00f6rare<\/span><\/a><\/p>\n","protected":false},"author":1,"featured_media":0,"comment_status":"open","ping_status":"open","sticky":false,"template":"","format":"standard","meta":{"_crdt_document":"","_monsterinsights_skip_tracking":false,"_monsterinsights_sitenote_active":false,"_monsterinsights_sitenote_note":"","_monsterinsights_sitenote_category":0,"footnotes":""},"categories":[9],"tags":[16],"class_list":["post-7523","post","type-post","status-publish","format-standard","hentry","category-politik","tag-dumheter"],"_links":{"self":[{"href":"https:\/\/sven-ove.nu\/index.php?rest_route=\/wp\/v2\/posts\/7523","targetHints":{"allow":["GET"]}}],"collection":[{"href":"https:\/\/sven-ove.nu\/index.php?rest_route=\/wp\/v2\/posts"}],"about":[{"href":"https:\/\/sven-ove.nu\/index.php?rest_route=\/wp\/v2\/types\/post"}],"author":[{"embeddable":true,"href":"https:\/\/sven-ove.nu\/index.php?rest_route=\/wp\/v2\/users\/1"}],"replies":[{"embeddable":true,"href":"https:\/\/sven-ove.nu\/index.php?rest_route=%2Fwp%2Fv2%2Fcomments&post=7523"}],"version-history":[{"count":4,"href":"https:\/\/sven-ove.nu\/index.php?rest_route=\/wp\/v2\/posts\/7523\/revisions"}],"predecessor-version":[{"id":7528,"href":"https:\/\/sven-ove.nu\/index.php?rest_route=\/wp\/v2\/posts\/7523\/revisions\/7528"}],"wp:attachment":[{"href":"https:\/\/sven-ove.nu\/index.php?rest_route=%2Fwp%2Fv2%2Fmedia&parent=7523"}],"wp:term":[{"taxonomy":"category","embeddable":true,"href":"https:\/\/sven-ove.nu\/index.php?rest_route=%2Fwp%2Fv2%2Fcategories&post=7523"},{"taxonomy":"post_tag","embeddable":true,"href":"https:\/\/sven-ove.nu\/index.php?rest_route=%2Fwp%2Fv2%2Ftags&post=7523"}],"curies":[{"name":"wp","href":"https:\/\/api.w.org\/{rel}","templated":true}]}}