{"id":7529,"date":"2013-11-20T03:00:07","date_gmt":"2013-11-20T02:00:07","guid":{"rendered":"http:\/\/sven-ove.nu\/?p=7529"},"modified":"2013-11-20T06:34:49","modified_gmt":"2013-11-20T05:34:49","slug":"det-skulle-komma-en-liten-gubbe","status":"publish","type":"post","link":"https:\/\/sven-ove.nu\/?p=7529","title":{"rendered":"&#8221;Det skulle komma en liten gubbe&#8221;"},"content":{"rendered":"<p>Livet har sin dramaturgiska kurva med en och annan h\u00f6jdpunkt d\u00e5 och d\u00e5.\u00a0Detta var en. Jag var p\u00e5 bes\u00f6k p\u00e5 Sundsta-\u00c4lvkullegymnasiet i Karlstad f\u00f6r att prata om hur man skriver kr\u00f6nikor.<\/p>\n<p>Efter\u00e5t fick jag brev av eleverna, l\u00e4raren hade gett det som skriv\u00f6vning tror jag. Nu har jag hittat det igen, lyckobrevet fr\u00e5n en av dem som lyssnade. B\u00e4ttre betyg som pratare har jag aldrig f\u00e5tt. N\u00e4st b\u00e4sta betyget var den g\u00e5ngen en tant kom och tackade f\u00f6r att jag talat s\u00e5 fritt och fint, helt utan papper. D\u00e5 h\u00f6ll jag fortfarande manuset i n\u00e4ven.<\/p>\n<p style=\"padding-left: 30px;\">*<\/p>\n<p><em>\u201dOkej, det skulle komma en liten gubbe och snacka.\u201d\u00a0<\/em>Det \u00e4r s\u00e5 bra, Malins brev. Hoppas du skriver kr\u00f6nikor n\u00e5gonstans nu f\u00f6r tiden, vem du nu \u00e4r.\u00a0Den h\u00e4r lille gubben har du gjort glad m\u00e5nga dagar ska du veta.<\/p>\n<p><a href=\"https:\/\/sven-ove.nu\/wp-content\/uploads\/2013\/11\/Tackbrev-efter-kr\u00f6nikepratet.jpg\"><img loading=\"lazy\" decoding=\"async\" class=\"alignright size-full wp-image-7530\" alt=\"Tackbrev efter kr\u00f6nikepratet\" src=\"https:\/\/sven-ove.nu\/wp-content\/uploads\/2013\/11\/Tackbrev-efter-kr\u00f6nikepratet.jpg\" width=\"773\" height=\"1000\" srcset=\"https:\/\/sven-ove.nu\/wp-content\/uploads\/2013\/11\/Tackbrev-efter-kr\u00f6nikepratet.jpg 773w, https:\/\/sven-ove.nu\/wp-content\/uploads\/2013\/11\/Tackbrev-efter-kr\u00f6nikepratet-231x300.jpg 231w\" sizes=\"auto, (max-width: 773px) 100vw, 773px\" \/><\/a><\/p>\n","protected":false},"excerpt":{"rendered":"<p>Livet har sin dramaturgiska kurva med en och annan h\u00f6jdpunkt d\u00e5 och d\u00e5.\u00a0Detta var en. Jag var p\u00e5 bes\u00f6k p\u00e5 Sundsta-\u00c4lvkullegymnasiet i Karlstad f\u00f6r att prata om hur man skriver kr\u00f6nikor. Efter\u00e5t fick jag brev av eleverna, l\u00e4raren hade gett det som skriv\u00f6vning tror jag. Nu har jag hittat det igen, lyckobrevet fr\u00e5n en av &hellip; <a href=\"https:\/\/sven-ove.nu\/?p=7529\" class=\"more-link\">Forts\u00e4tt l\u00e4sa <span class=\"screen-reader-text\">&#8221;Det skulle komma en liten gubbe&#8221;<\/span><\/a><\/p>\n","protected":false},"author":1,"featured_media":0,"comment_status":"open","ping_status":"open","sticky":false,"template":"","format":"standard","meta":{"_crdt_document":"","_monsterinsights_skip_tracking":false,"_monsterinsights_sitenote_active":false,"_monsterinsights_sitenote_note":"","_monsterinsights_sitenote_category":0,"footnotes":""},"categories":[4],"tags":[3,24,14],"class_list":["post-7529","post","type-post","status-publish","format-standard","hentry","category-skrivande","tag-arbete","tag-karlek","tag-lasning"],"_links":{"self":[{"href":"https:\/\/sven-ove.nu\/index.php?rest_route=\/wp\/v2\/posts\/7529","targetHints":{"allow":["GET"]}}],"collection":[{"href":"https:\/\/sven-ove.nu\/index.php?rest_route=\/wp\/v2\/posts"}],"about":[{"href":"https:\/\/sven-ove.nu\/index.php?rest_route=\/wp\/v2\/types\/post"}],"author":[{"embeddable":true,"href":"https:\/\/sven-ove.nu\/index.php?rest_route=\/wp\/v2\/users\/1"}],"replies":[{"embeddable":true,"href":"https:\/\/sven-ove.nu\/index.php?rest_route=%2Fwp%2Fv2%2Fcomments&post=7529"}],"version-history":[{"count":9,"href":"https:\/\/sven-ove.nu\/index.php?rest_route=\/wp\/v2\/posts\/7529\/revisions"}],"predecessor-version":[{"id":7565,"href":"https:\/\/sven-ove.nu\/index.php?rest_route=\/wp\/v2\/posts\/7529\/revisions\/7565"}],"wp:attachment":[{"href":"https:\/\/sven-ove.nu\/index.php?rest_route=%2Fwp%2Fv2%2Fmedia&parent=7529"}],"wp:term":[{"taxonomy":"category","embeddable":true,"href":"https:\/\/sven-ove.nu\/index.php?rest_route=%2Fwp%2Fv2%2Fcategories&post=7529"},{"taxonomy":"post_tag","embeddable":true,"href":"https:\/\/sven-ove.nu\/index.php?rest_route=%2Fwp%2Fv2%2Ftags&post=7529"}],"curies":[{"name":"wp","href":"https:\/\/api.w.org\/{rel}","templated":true}]}}