{"id":7589,"date":"2013-11-25T03:00:53","date_gmt":"2013-11-25T02:00:53","guid":{"rendered":"http:\/\/sven-ove.nu\/?p=7589"},"modified":"2013-11-21T19:35:01","modified_gmt":"2013-11-21T18:35:01","slug":"du-kan-vara-kar-i-skogen","status":"publish","type":"post","link":"https:\/\/sven-ove.nu\/?p=7589","title":{"rendered":"Du kan vara k\u00e4r i skogen"},"content":{"rendered":"<p>Jag var k\u00e4r i skogen. Jo, i tr\u00e4den, gl\u00e4ntorna och suset med, men jag menar mer handgripligt. F\u00f6rsta slidkniven fick jag vid sju \u00e5rs \u00e5lder, en scoutkniv med parerst\u00e5ng. \u00c4rren p\u00e5 fingrarna finns kvar, men d\u00e5 har jag huggit med yxa d\u00e4r n\u00e5gra g\u00e5nger ocks\u00e5. Pappa hade inte l\u00e4st Ronja R\u00f6vardotter, f\u00f6r den var inte skriven \u00e4n, men han begrep att en bondpojke m\u00e5ste kunna hantera ett verktyg och tr\u00e4na p\u00e5 att inte sk\u00e4ra av sig fingrarna.<\/p>\n<p>B\u00e4sta s\u00e4ttet att tr\u00e4na \u00e4r att t\u00e4lja. S\u00e5 vi t\u00e4ljde. Pilb\u00e5gar, slangbellor, barkb\u00e5tar, kojor, sm\u00e5 tr\u00e4figurer, s\u00e4lgpipor, sp\u00e4ntade stickor att t\u00e4nda i spisen med f\u00f6r mamma.<\/p>\n<p>En kniv \u00e4r alltid bra att ha. Varje kv\u00e4ll satt vi och v\u00e4ssade v\u00e5ra knivblad med ett bryne. Bl\u00f6tte, gned och slipade. Pappa citerade Herr Arnes penningar, det var visst ett v\u00e4ldigt knivslipande i den filmen. L\u00e5ngt senare l\u00e4ste jag boken och h\u00f6rde att han hade r\u00e4tt.<\/p>\n<p style=\"padding-left: 30px;\">*<\/p>\n<p>\u00c5ren g\u00e5r och nu \u00e4r jag k\u00e4r i skogen. Var ska annars en tolv\u00e5ring i v\u00e4rml\u00e4ndsk glesbygd ta v\u00e4gen med sin bultande, obesvarade k\u00e4rlek? K\u00e4r i skogen kan vara att rista ett hj\u00e4rta i en savande bj\u00f6rkstam, med namnet p\u00e5 henne som han f\u00f6r tillf\u00e4llet \u00e4lskar f\u00f6r resten av livet.<\/p>\n<p style=\"padding-left: 30px;\"><strong><a href=\"https:\/\/sven-ove.nu\/wp-content\/uploads\/2013\/11\/V\u00e5r-i-skogen.jpg\"><img loading=\"lazy\" decoding=\"async\" class=\"alignright size-medium wp-image-7591\" alt=\"V\u00e5r i skogen\" src=\"https:\/\/sven-ove.nu\/wp-content\/uploads\/2013\/11\/V\u00e5r-i-skogen-300x199.jpg\" width=\"300\" height=\"199\" srcset=\"https:\/\/sven-ove.nu\/wp-content\/uploads\/2013\/11\/V\u00e5r-i-skogen-300x199.jpg 300w, https:\/\/sven-ove.nu\/wp-content\/uploads\/2013\/11\/V\u00e5r-i-skogen-1024x679.jpg 1024w\" sizes=\"auto, (max-width: 300px) 100vw, 300px\" \/><\/a>Du kunde v\u00e4l ha haft ett kortare namn, t\u00f6s? Det kunde v\u00e4l ha varit raka bokst\u00e4ver, inte alla dessa krokiga?<\/strong><\/p>\n<p style=\"padding-left: 30px;\"><strong>H\u00e4r st\u00e5r en annan och sliter s\u00e5 blogen skv\u00e4tter.<\/strong><\/p>\n<p style=\"padding-left: 30px;\">\n","protected":false},"excerpt":{"rendered":"<p>Jag var k\u00e4r i skogen. Jo, i tr\u00e4den, gl\u00e4ntorna och suset med, men jag menar mer handgripligt. F\u00f6rsta slidkniven fick jag vid sju \u00e5rs \u00e5lder, en scoutkniv med parerst\u00e5ng. \u00c4rren p\u00e5 fingrarna finns kvar, men d\u00e5 har jag huggit med yxa d\u00e4r n\u00e5gra g\u00e5nger ocks\u00e5. Pappa hade inte l\u00e4st Ronja R\u00f6vardotter, f\u00f6r den var inte &hellip; <a href=\"https:\/\/sven-ove.nu\/?p=7589\" class=\"more-link\">Forts\u00e4tt l\u00e4sa <span class=\"screen-reader-text\">Du kan vara k\u00e4r i skogen<\/span><\/a><\/p>\n","protected":false},"author":1,"featured_media":0,"comment_status":"open","ping_status":"open","sticky":false,"template":"","format":"standard","meta":{"_crdt_document":"","_monsterinsights_skip_tracking":false,"_monsterinsights_sitenote_active":false,"_monsterinsights_sitenote_note":"","_monsterinsights_sitenote_category":0,"footnotes":""},"categories":[6],"tags":[24,13],"class_list":["post-7589","post","type-post","status-publish","format-standard","hentry","category-natur","tag-karlek","tag-utrustning"],"_links":{"self":[{"href":"https:\/\/sven-ove.nu\/index.php?rest_route=\/wp\/v2\/posts\/7589","targetHints":{"allow":["GET"]}}],"collection":[{"href":"https:\/\/sven-ove.nu\/index.php?rest_route=\/wp\/v2\/posts"}],"about":[{"href":"https:\/\/sven-ove.nu\/index.php?rest_route=\/wp\/v2\/types\/post"}],"author":[{"embeddable":true,"href":"https:\/\/sven-ove.nu\/index.php?rest_route=\/wp\/v2\/users\/1"}],"replies":[{"embeddable":true,"href":"https:\/\/sven-ove.nu\/index.php?rest_route=%2Fwp%2Fv2%2Fcomments&post=7589"}],"version-history":[{"count":3,"href":"https:\/\/sven-ove.nu\/index.php?rest_route=\/wp\/v2\/posts\/7589\/revisions"}],"predecessor-version":[{"id":7592,"href":"https:\/\/sven-ove.nu\/index.php?rest_route=\/wp\/v2\/posts\/7589\/revisions\/7592"}],"wp:attachment":[{"href":"https:\/\/sven-ove.nu\/index.php?rest_route=%2Fwp%2Fv2%2Fmedia&parent=7589"}],"wp:term":[{"taxonomy":"category","embeddable":true,"href":"https:\/\/sven-ove.nu\/index.php?rest_route=%2Fwp%2Fv2%2Fcategories&post=7589"},{"taxonomy":"post_tag","embeddable":true,"href":"https:\/\/sven-ove.nu\/index.php?rest_route=%2Fwp%2Fv2%2Ftags&post=7589"}],"curies":[{"name":"wp","href":"https:\/\/api.w.org\/{rel}","templated":true}]}}