{"id":7594,"date":"2013-11-26T03:00:15","date_gmt":"2013-11-26T02:00:15","guid":{"rendered":"http:\/\/sven-ove.nu\/?p=7594"},"modified":"2013-11-25T11:04:47","modified_gmt":"2013-11-25T10:04:47","slug":"det-ar-bara-skog-alltihop","status":"publish","type":"post","link":"https:\/\/sven-ove.nu\/?p=7594","title":{"rendered":"Det \u00e4r bara skog alltihop"},"content":{"rendered":"<p><a href=\"https:\/\/sven-ove.nu\/wp-content\/uploads\/2013\/11\/IMAG1642.jpg\"><img loading=\"lazy\" decoding=\"async\" class=\"size-medium wp-image-7596 alignleft\" alt=\"IMAG1642\" src=\"https:\/\/sven-ove.nu\/wp-content\/uploads\/2013\/11\/IMAG1642-179x300.jpg\" width=\"179\" height=\"300\" srcset=\"https:\/\/sven-ove.nu\/wp-content\/uploads\/2013\/11\/IMAG1642-179x300.jpg 179w, https:\/\/sven-ove.nu\/wp-content\/uploads\/2013\/11\/IMAG1642-613x1024.jpg 613w, https:\/\/sven-ove.nu\/wp-content\/uploads\/2013\/11\/IMAG1642.jpg 1552w\" sizes=\"auto, (max-width: 179px) 100vw, 179px\" \/><\/a>Jag kan inte klara mej en vecka utan skogen, s\u00e4ger jag till min kusin fr\u00e5n Stockholm, n\u00e4r jag ska b\u00f6rja gymnasiet. Dej kommer dom att g\u00f6ra om, s\u00e4ger han.\u00a0Vi f\u00e5r r\u00e4tt b\u00e5da tv\u00e5.<\/p>\n<p>Inte hinner jag g\u00e5 i skogen varenda vecka p\u00e5 gymnasiet, sitta under bj\u00f6rk och tall och se eftert\u00e4nksam ut. I Vietnams djungler p\u00e5g\u00e5r befrielsekriget och vi skapar opinion, sedan rycker jag in i lumpen och sm\u00e5ningom f\u00e5r jag min l\u00f6n av ett s\u00e5gverk och d\u00e4refter en papperstidning och en till efter den.<\/p>\n<p>Djungel, milit\u00e4rt\u00e4lt i I2-skogen, virke, cellulosa \u2013 bara skog alltihop. Men nog g\u00f6r de om mig.<\/p>\n","protected":false},"excerpt":{"rendered":"<p>Jag kan inte klara mej en vecka utan skogen, s\u00e4ger jag till min kusin fr\u00e5n Stockholm, n\u00e4r jag ska b\u00f6rja gymnasiet. Dej kommer dom att g\u00f6ra om, s\u00e4ger han.\u00a0Vi f\u00e5r r\u00e4tt b\u00e5da tv\u00e5. Inte hinner jag g\u00e5 i skogen varenda vecka p\u00e5 gymnasiet, sitta under bj\u00f6rk och tall och se eftert\u00e4nksam ut. I Vietnams djungler &hellip; <a href=\"https:\/\/sven-ove.nu\/?p=7594\" class=\"more-link\">Forts\u00e4tt l\u00e4sa <span class=\"screen-reader-text\">Det \u00e4r bara skog alltihop<\/span><\/a><\/p>\n","protected":false},"author":1,"featured_media":0,"comment_status":"open","ping_status":"open","sticky":false,"template":"","format":"standard","meta":{"_crdt_document":"","_monsterinsights_skip_tracking":false,"_monsterinsights_sitenote_active":false,"_monsterinsights_sitenote_note":"","_monsterinsights_sitenote_category":0,"footnotes":""},"categories":[6],"tags":[3,24],"class_list":["post-7594","post","type-post","status-publish","format-standard","hentry","category-natur","tag-arbete","tag-karlek"],"_links":{"self":[{"href":"https:\/\/sven-ove.nu\/index.php?rest_route=\/wp\/v2\/posts\/7594","targetHints":{"allow":["GET"]}}],"collection":[{"href":"https:\/\/sven-ove.nu\/index.php?rest_route=\/wp\/v2\/posts"}],"about":[{"href":"https:\/\/sven-ove.nu\/index.php?rest_route=\/wp\/v2\/types\/post"}],"author":[{"embeddable":true,"href":"https:\/\/sven-ove.nu\/index.php?rest_route=\/wp\/v2\/users\/1"}],"replies":[{"embeddable":true,"href":"https:\/\/sven-ove.nu\/index.php?rest_route=%2Fwp%2Fv2%2Fcomments&post=7594"}],"version-history":[{"count":4,"href":"https:\/\/sven-ove.nu\/index.php?rest_route=\/wp\/v2\/posts\/7594\/revisions"}],"predecessor-version":[{"id":7599,"href":"https:\/\/sven-ove.nu\/index.php?rest_route=\/wp\/v2\/posts\/7594\/revisions\/7599"}],"wp:attachment":[{"href":"https:\/\/sven-ove.nu\/index.php?rest_route=%2Fwp%2Fv2%2Fmedia&parent=7594"}],"wp:term":[{"taxonomy":"category","embeddable":true,"href":"https:\/\/sven-ove.nu\/index.php?rest_route=%2Fwp%2Fv2%2Fcategories&post=7594"},{"taxonomy":"post_tag","embeddable":true,"href":"https:\/\/sven-ove.nu\/index.php?rest_route=%2Fwp%2Fv2%2Ftags&post=7594"}],"curies":[{"name":"wp","href":"https:\/\/api.w.org\/{rel}","templated":true}]}}