{"id":7648,"date":"2013-12-01T03:00:08","date_gmt":"2013-12-01T02:00:08","guid":{"rendered":"http:\/\/sven-ove.nu\/?p=7648"},"modified":"2013-11-28T19:24:32","modified_gmt":"2013-11-28T18:24:32","slug":"en-egen-krater-pa-manen","status":"publish","type":"post","link":"https:\/\/sven-ove.nu\/?p=7648","title":{"rendered":"En egen krater p\u00e5 m\u00e5nen"},"content":{"rendered":"<p><a href=\"https:\/\/sven-ove.nu\/wp-content\/uploads\/2013\/11\/Himlar.jpg\"><img loading=\"lazy\" decoding=\"async\" class=\"size-thumbnail wp-image-7651 alignright\" alt=\"Himlar\" src=\"https:\/\/sven-ove.nu\/wp-content\/uploads\/2013\/11\/Himlar-150x150.jpg\" width=\"150\" height=\"150\" \/><\/a>En kv\u00e4ll sv\u00e4mmar min mobil och dator \u00f6ver av brinnande himlar. Vackra foton som v\u00e4nnerna tagit p\u00e5 en s\u00e4rskilt fin solnedg\u00e5ng och lagt ut. \u00d6verallt i provinsen har de st\u00e5tt och lyft sina blickar, s\u00e5 som m\u00e4nniskan gjort i alla tider.<\/p>\n<p style=\"padding-left: 30px;\"><strong>Vad finns det d\u00e4r uppe? Varf\u00f6r lyser solen? Vad \u00e4r m\u00e5nen f\u00f6r en filur?<\/strong><\/p>\n<p>Dagen d\u00e4rp\u00e5 hamnar jag p\u00e5 Karlstads universitet. I en monter i entr\u00e9n ber\u00e4ttar de om <b>Magnus Nyr\u00e9n <\/b>och <b>Oskar Backlund<\/b>. Tv\u00e5 unga m\u00e4n, uppvuxna i V\u00e4rmland, som blev ber\u00f6mda astronomer i Ryssland f\u00f6re revolutionen. Den ene chef \u00f6ver v\u00e4rldens st\u00f6rsta observatorium, den andre vice chef p\u00e5 samma st\u00e4lle. Oskar adlades av tsaren, b\u00e5da fick statsr\u00e5ds titel.<\/p>\n<p><i>\u201dMen oj, att en p\u00f4jk fr\u00e5n V\u00e4stra Furtan kan n\u00e5 s\u00e5 l\u00e5ngt\u2026\u201d<\/i> t\u00e4nker du nu.<br \/>\nG\u00f6r inte det, min v\u00e4n. Jag har aldrig m\u00e4rkt att de fr\u00e5n V\u00e4stra Furtan skulle vara mindre kloka \u00e4n n\u00e5gon annan.<\/p>\n<p><a href=\"https:\/\/sven-ove.nu\/wp-content\/uploads\/2013\/11\/Pulkova.jpg\"><img loading=\"lazy\" decoding=\"async\" class=\"alignleft size-medium wp-image-7653\" alt=\"Pulkova\" src=\"https:\/\/sven-ove.nu\/wp-content\/uploads\/2013\/11\/Pulkova-228x300.jpg\" width=\"228\" height=\"300\" srcset=\"https:\/\/sven-ove.nu\/wp-content\/uploads\/2013\/11\/Pulkova-228x300.jpg 228w, https:\/\/sven-ove.nu\/wp-content\/uploads\/2013\/11\/Pulkova-781x1024.jpg 781w, https:\/\/sven-ove.nu\/wp-content\/uploads\/2013\/11\/Pulkova.jpg 1384w\" sizes=\"auto, (max-width: 228px) 100vw, 228px\" \/><\/a>H\u00f6gt ovan Furtans grusv\u00e4gar s\u00e5g Magnus Nyr\u00e9n m\u00e5ngruset lysa genom Sankt Petersburgs b\u00e4sta okul\u00e4r. En av kratrarna d\u00e4r uppe blev d\u00f6pt efter Oskar, en komet likas\u00e5. Sj\u00e4lv f\u00f6rlorade Magnus sin pension n\u00e4r Lenins bolsjeviker tog \u00f6ver Ryssland. D\u00e5 ordnade Hjalmar Branting en svensk pension \u00e5t honom.<\/p>\n<p style=\"padding-left: 240px;\"><strong>Tittar p\u00e5 himlen g\u00f6r vi \u00e4n i dag, i b\u00e5de V\u00e4stra Furtan och s\u00f6dra Sankt Petersburg. Jag undrar fortfarande vad m\u00e5nen \u00e4r f\u00f6r en filur.<\/strong><\/p>\n<p style=\"padding-left: 30px;\">\n","protected":false},"excerpt":{"rendered":"<p>En kv\u00e4ll sv\u00e4mmar min mobil och dator \u00f6ver av brinnande himlar. Vackra foton som v\u00e4nnerna tagit p\u00e5 en s\u00e4rskilt fin solnedg\u00e5ng och lagt ut. \u00d6verallt i provinsen har de st\u00e5tt och lyft sina blickar, s\u00e5 som m\u00e4nniskan gjort i alla tider. Vad finns det d\u00e4r uppe? Varf\u00f6r lyser solen? Vad \u00e4r m\u00e5nen f\u00f6r en filur? &hellip; <a href=\"https:\/\/sven-ove.nu\/?p=7648\" class=\"more-link\">Forts\u00e4tt l\u00e4sa <span class=\"screen-reader-text\">En egen krater p\u00e5 m\u00e5nen<\/span><\/a><\/p>\n","protected":false},"author":1,"featured_media":0,"comment_status":"open","ping_status":"open","sticky":false,"template":"","format":"standard","meta":{"_crdt_document":"","_monsterinsights_skip_tracking":false,"_monsterinsights_sitenote_active":false,"_monsterinsights_sitenote_note":"","_monsterinsights_sitenote_category":0,"footnotes":""},"categories":[6],"tags":[3,8,13],"class_list":["post-7648","post","type-post","status-publish","format-standard","hentry","category-natur","tag-arbete","tag-historia","tag-utrustning"],"_links":{"self":[{"href":"https:\/\/sven-ove.nu\/index.php?rest_route=\/wp\/v2\/posts\/7648","targetHints":{"allow":["GET"]}}],"collection":[{"href":"https:\/\/sven-ove.nu\/index.php?rest_route=\/wp\/v2\/posts"}],"about":[{"href":"https:\/\/sven-ove.nu\/index.php?rest_route=\/wp\/v2\/types\/post"}],"author":[{"embeddable":true,"href":"https:\/\/sven-ove.nu\/index.php?rest_route=\/wp\/v2\/users\/1"}],"replies":[{"embeddable":true,"href":"https:\/\/sven-ove.nu\/index.php?rest_route=%2Fwp%2Fv2%2Fcomments&post=7648"}],"version-history":[{"count":7,"href":"https:\/\/sven-ove.nu\/index.php?rest_route=\/wp\/v2\/posts\/7648\/revisions"}],"predecessor-version":[{"id":7657,"href":"https:\/\/sven-ove.nu\/index.php?rest_route=\/wp\/v2\/posts\/7648\/revisions\/7657"}],"wp:attachment":[{"href":"https:\/\/sven-ove.nu\/index.php?rest_route=%2Fwp%2Fv2%2Fmedia&parent=7648"}],"wp:term":[{"taxonomy":"category","embeddable":true,"href":"https:\/\/sven-ove.nu\/index.php?rest_route=%2Fwp%2Fv2%2Fcategories&post=7648"},{"taxonomy":"post_tag","embeddable":true,"href":"https:\/\/sven-ove.nu\/index.php?rest_route=%2Fwp%2Fv2%2Ftags&post=7648"}],"curies":[{"name":"wp","href":"https:\/\/api.w.org\/{rel}","templated":true}]}}