{"id":7673,"date":"2013-12-04T03:00:23","date_gmt":"2013-12-04T02:00:23","guid":{"rendered":"http:\/\/sven-ove.nu\/?p=7673"},"modified":"2013-12-02T22:49:57","modified_gmt":"2013-12-02T21:49:57","slug":"7673","status":"publish","type":"post","link":"https:\/\/sven-ove.nu\/?p=7673","title":{"rendered":"En hel spalt och jag h\u00e5ller med"},"content":{"rendered":"<p><strong>Fackf\u00f6rbundspressen.<\/strong> En g\u00e5ng s\u00e5 viktig som organisat\u00f6r och folkupplysare samtidigt som den var f\u00f6dkrok f\u00f6r m\u00e5nga f\u00f6rfattare, n\u00e4r dess redakt\u00f6rer k\u00f6pte dikter och noveller f\u00f6r att ge svenska arbetare bra l\u00e4sning.<\/p>\n<p>S\u00e5 brukar jag t\u00e4nka.<\/p>\n<p style=\"padding-left: 30px;\"><strong>Dessutom brukar jag tycka att de var r\u00e4tt bra, f\u00f6rr. \u00c4ven jag minns novellerna, l\u00e4sningen. Men nu, brukar jag t\u00e4nka, nu sl\u00e5s b\u00e5de tidningar och f\u00f6rbund ihop och fanken vet hur mycket sk\u00f6nlitteratur de trycker.<\/strong><\/p>\n<p>Fast vad vet jag, alla l\u00e4ser jag inte. Vi g\u00f6r s\u00e5 h\u00e4r i st\u00e4llet. Jag sj\u00e4lv \u00e4r medlem i ett fackf\u00f6rbund vars tidning heter som f\u00f6rbundet. <b>Vision<\/b>. H\u00e4r \u00e4r \u201dinnerspalten\u201d fr\u00e5n senaste numret. Jag sitter i badkaret och l\u00e4ser och inser att jag h\u00e5ller med om allting. Hela spalten. N\u00e4r h\u00e4nde det med en hel \u201dinnerspalt\u201d senast? Bra gjort, fackf\u00f6rbundsredakt\u00f6r\u2019n.<\/p>\n<p>Bra sagt av dig ocks\u00e5 f\u00f6rresten, Maria Arnholm.<\/p>\n<p><a href=\"https:\/\/sven-ove.nu\/wp-content\/uploads\/2013\/12\/Vision.tif\"><img decoding=\"async\" class=\"alignleft size-full wp-image-7678\" alt=\"Vision\" src=\"https:\/\/sven-ove.nu\/wp-content\/uploads\/2013\/12\/Vision.tif\" \/><\/a><\/p>\n","protected":false},"excerpt":{"rendered":"<p>Fackf\u00f6rbundspressen. En g\u00e5ng s\u00e5 viktig som organisat\u00f6r och folkupplysare samtidigt som den var f\u00f6dkrok f\u00f6r m\u00e5nga f\u00f6rfattare, n\u00e4r dess redakt\u00f6rer k\u00f6pte dikter och noveller f\u00f6r att ge svenska arbetare bra l\u00e4sning. S\u00e5 brukar jag t\u00e4nka. Dessutom brukar jag tycka att de var r\u00e4tt bra, f\u00f6rr. \u00c4ven jag minns novellerna, l\u00e4sningen. Men nu, brukar jag t\u00e4nka, &hellip; <a href=\"https:\/\/sven-ove.nu\/?p=7673\" class=\"more-link\">Forts\u00e4tt l\u00e4sa <span class=\"screen-reader-text\">En hel spalt och jag h\u00e5ller med<\/span><\/a><\/p>\n","protected":false},"author":1,"featured_media":0,"comment_status":"open","ping_status":"open","sticky":false,"template":"","format":"standard","meta":{"_crdt_document":"","_monsterinsights_skip_tracking":false,"_monsterinsights_sitenote_active":false,"_monsterinsights_sitenote_note":"","_monsterinsights_sitenote_category":0,"footnotes":""},"categories":[9,4],"tags":[15,21,17],"class_list":["post-7673","post","type-post","status-publish","format-standard","hentry","category-politik","category-skrivande","tag-mediedjungeln","tag-ord","tag-solidaritet"],"_links":{"self":[{"href":"https:\/\/sven-ove.nu\/index.php?rest_route=\/wp\/v2\/posts\/7673","targetHints":{"allow":["GET"]}}],"collection":[{"href":"https:\/\/sven-ove.nu\/index.php?rest_route=\/wp\/v2\/posts"}],"about":[{"href":"https:\/\/sven-ove.nu\/index.php?rest_route=\/wp\/v2\/types\/post"}],"author":[{"embeddable":true,"href":"https:\/\/sven-ove.nu\/index.php?rest_route=\/wp\/v2\/users\/1"}],"replies":[{"embeddable":true,"href":"https:\/\/sven-ove.nu\/index.php?rest_route=%2Fwp%2Fv2%2Fcomments&post=7673"}],"version-history":[{"count":8,"href":"https:\/\/sven-ove.nu\/index.php?rest_route=\/wp\/v2\/posts\/7673\/revisions"}],"predecessor-version":[{"id":7685,"href":"https:\/\/sven-ove.nu\/index.php?rest_route=\/wp\/v2\/posts\/7673\/revisions\/7685"}],"wp:attachment":[{"href":"https:\/\/sven-ove.nu\/index.php?rest_route=%2Fwp%2Fv2%2Fmedia&parent=7673"}],"wp:term":[{"taxonomy":"category","embeddable":true,"href":"https:\/\/sven-ove.nu\/index.php?rest_route=%2Fwp%2Fv2%2Fcategories&post=7673"},{"taxonomy":"post_tag","embeddable":true,"href":"https:\/\/sven-ove.nu\/index.php?rest_route=%2Fwp%2Fv2%2Ftags&post=7673"}],"curies":[{"name":"wp","href":"https:\/\/api.w.org\/{rel}","templated":true}]}}