{"id":7721,"date":"2013-12-06T17:00:33","date_gmt":"2013-12-06T16:00:33","guid":{"rendered":"http:\/\/sven-ove.nu\/?p=7721"},"modified":"2013-12-06T10:47:30","modified_gmt":"2013-12-06T09:47:30","slug":"forsoning-och-fortsatt-kamp","status":"publish","type":"post","link":"https:\/\/sven-ove.nu\/?p=7721","title":{"rendered":"F\u00f6rsoning och fortsatt kamp"},"content":{"rendered":"<p>F\u00f6rl\u00e5ta och g\u00e5 vidare, ibland \u00e4r det stort.<br \/>\nViljan till f\u00f6rsoning, ibland \u00e4r det en stark kraft.<\/p>\n<p>Nu var ju inte f\u00f6rsoningen\u00a0<b><a href=\"http:\/\/www.svd.se\/nyheter\/utrikes\/nelson-mandela-ar-dod_8796786.svd\">Nelson Mandelas<\/a><\/b> enda bidrag till de svartas befrielse i Sydafrika. Han kombinerade mjukhet och styrka. Han k\u00e4mpade envist, \u00e5r efter \u00e5r, f\u00f6r denna befrielse fr\u00e5n de lagar som p\u00e5stod att det var skillnad p\u00e5 m\u00e4nniska och m\u00e4nniska.<\/p>\n<p>27 \u00e5r i f\u00e4ngelse men till synes of\u00f6rst\u00f6rd.<\/p>\n<p><b>Gl\u00f6mde inte sina v\u00e4nner<br \/>\n<\/b>Kampen f\u00f6r m\u00e4nskliga r\u00e4ttigheter och r\u00e4ttvisa g\u00e5r vidare. Det \u00e4r det b\u00e4sta s\u00e4ttet att hedra en k\u00e4mpe med ovanlig styrka och karisma. Att forts\u00e4tta.<\/p>\n<p style=\"padding-left: 30px;\"><b>Det f\u00f6rsta land utanf\u00f6r Afrika som Mandela bes\u00f6kte sedan han blivit fri var Sverige. I dag \u00e4r det m\u00e5nga som vill vara v\u00e4n med oss, sa han. Men vi gl\u00f6mmer aldrig dem som var v\u00e5ra v\u00e4nner n\u00e4r vi hade det sv\u00e5rt.<\/b><\/p>\n<p>D\u00e5, n\u00e4r Sverige hade en egen r\u00f6st i v\u00e4rlden.<\/p>\n","protected":false},"excerpt":{"rendered":"<p>F\u00f6rl\u00e5ta och g\u00e5 vidare, ibland \u00e4r det stort. Viljan till f\u00f6rsoning, ibland \u00e4r det en stark kraft. Nu var ju inte f\u00f6rsoningen\u00a0Nelson Mandelas enda bidrag till de svartas befrielse i Sydafrika. Han kombinerade mjukhet och styrka. Han k\u00e4mpade envist, \u00e5r efter \u00e5r, f\u00f6r denna befrielse fr\u00e5n de lagar som p\u00e5stod att det var skillnad p\u00e5 &hellip; <a href=\"https:\/\/sven-ove.nu\/?p=7721\" class=\"more-link\">Forts\u00e4tt l\u00e4sa <span class=\"screen-reader-text\">F\u00f6rsoning och fortsatt kamp<\/span><\/a><\/p>\n","protected":false},"author":1,"featured_media":0,"comment_status":"open","ping_status":"open","sticky":false,"template":"","format":"standard","meta":{"_crdt_document":"","_monsterinsights_skip_tracking":false,"_monsterinsights_sitenote_active":false,"_monsterinsights_sitenote_note":"","_monsterinsights_sitenote_category":0,"footnotes":""},"categories":[9],"tags":[3,18,17],"class_list":["post-7721","post","type-post","status-publish","format-standard","hentry","category-politik","tag-arbete","tag-lardomar","tag-solidaritet"],"_links":{"self":[{"href":"https:\/\/sven-ove.nu\/index.php?rest_route=\/wp\/v2\/posts\/7721","targetHints":{"allow":["GET"]}}],"collection":[{"href":"https:\/\/sven-ove.nu\/index.php?rest_route=\/wp\/v2\/posts"}],"about":[{"href":"https:\/\/sven-ove.nu\/index.php?rest_route=\/wp\/v2\/types\/post"}],"author":[{"embeddable":true,"href":"https:\/\/sven-ove.nu\/index.php?rest_route=\/wp\/v2\/users\/1"}],"replies":[{"embeddable":true,"href":"https:\/\/sven-ove.nu\/index.php?rest_route=%2Fwp%2Fv2%2Fcomments&post=7721"}],"version-history":[{"count":3,"href":"https:\/\/sven-ove.nu\/index.php?rest_route=\/wp\/v2\/posts\/7721\/revisions"}],"predecessor-version":[{"id":7724,"href":"https:\/\/sven-ove.nu\/index.php?rest_route=\/wp\/v2\/posts\/7721\/revisions\/7724"}],"wp:attachment":[{"href":"https:\/\/sven-ove.nu\/index.php?rest_route=%2Fwp%2Fv2%2Fmedia&parent=7721"}],"wp:term":[{"taxonomy":"category","embeddable":true,"href":"https:\/\/sven-ove.nu\/index.php?rest_route=%2Fwp%2Fv2%2Fcategories&post=7721"},{"taxonomy":"post_tag","embeddable":true,"href":"https:\/\/sven-ove.nu\/index.php?rest_route=%2Fwp%2Fv2%2Ftags&post=7721"}],"curies":[{"name":"wp","href":"https:\/\/api.w.org\/{rel}","templated":true}]}}