{"id":7725,"date":"2013-12-08T03:00:54","date_gmt":"2013-12-08T02:00:54","guid":{"rendered":"http:\/\/sven-ove.nu\/?p=7725"},"modified":"2013-12-08T13:38:34","modified_gmt":"2013-12-08T12:38:34","slug":"den-daligt-varldsvane-och-orattvisorna","status":"publish","type":"post","link":"https:\/\/sven-ove.nu\/?p=7725","title":{"rendered":"Den d\u00e5ligt v\u00e4rldsvane och or\u00e4ttvisorna"},"content":{"rendered":"<p>Hoppas jag f\u00e5r ber\u00e4tta den scenen i en l\u00e4ngre ber\u00e4ttelse n\u00e5gon g\u00e5ng, om den blir f\u00e4rdig. Men jag b\u00f6rjar inse varf\u00f6r jag blir s\u00e5 st\u00f6rd n\u00e4r tekniken kr\u00e5nglar. Spotify blir kapat, n\u00e5got litet delprogram till den h\u00e4r webbplatsen fungerar fel, jag f\u00e5r f\u00f6rst inte ordning p\u00e5 golvv\u00e4rmens veckoreglering i k\u00f6ket.<\/p>\n<p style=\"padding-left: 30px;\">St\u00f6rd.<br \/>\nBesatt i dagar i v\u00e4rsta fall.<br \/>\nTar det personligt.<\/p>\n<p>Allt gestaltas nog b\u00e4st i en h\u00e4ndelse i femton\u00e5rs\u00e5ldern, n\u00e4r en klasskamrat med v\u00e4lutbildade, h\u00f6gt avl\u00f6nade f\u00f6r\u00e4ldrar ber\u00e4ttar hur han importerar sina favoritskivor direkt fr\u00e5n Amerika. En av l\u00e5tarna han gillar blir min mobilsignal l\u00e5ngt senare.<\/p>\n<p>Inte d\u00e5. D\u00e5 \u00e4r det bara hemskt, det som h\u00e4nder.<\/p>\n<p><b>Grundton i livet<br \/>\n<a href=\"https:\/\/sven-ove.nu\/wp-content\/uploads\/2013\/12\/Charles-Edward.jpg\"><img loading=\"lazy\" decoding=\"async\" class=\"alignright size-medium wp-image-7729\" alt=\"Charles Edward\" src=\"https:\/\/sven-ove.nu\/wp-content\/uploads\/2013\/12\/Charles-Edward-300x234.jpg\" width=\"300\" height=\"234\" srcset=\"https:\/\/sven-ove.nu\/wp-content\/uploads\/2013\/12\/Charles-Edward-300x234.jpg 300w, https:\/\/sven-ove.nu\/wp-content\/uploads\/2013\/12\/Charles-Edward.jpg 481w\" sizes=\"auto, (max-width: 300px) 100vw, 300px\" \/><\/a><\/b>Inte kan jag anklaga honom eller hans f\u00f6r\u00e4ldrar f\u00f6r min tafatthet, men visst var det ett klassamh\u00e4lle och visst pr\u00e4glade det mig. Det \u00e4r det \u00e4n, det g\u00f6r det \u00e4n. Honom skulle jag gilla i dag med om jag tr\u00e4ffade honom och artisten har jag sett i Mariebergsskogen i Karlstad p\u00e5 gamla dar.<\/p>\n<p>Har f\u00f6rresten aldrig sett en m\u00e4nniska dominera en scen s\u00e5.<\/p>\n<p><strong>Tafattheterna ska jag ber\u00e4tta om p\u00e5 annat h\u00e5ll. Det g\u00e5r att leva med n\u00e5gra av dem, andra kan man v\u00e4nda p\u00e5 och g\u00f6ra k\u00e5serier kring men kvar finns grundtonen i ens liv. Pr\u00e4glingen.<\/strong><\/p>\n<p><strong>Det \u00e4r or\u00e4ttvisorna jag hatar.<\/strong><\/p>\n<p style=\"text-align: left; padding-left: 30px;\"><i>L\u00e5ten som blev mobilsignal och som jag h\u00f6rde i ett pojkrum i Molkom<br \/>\nf\u00f6rsta g\u00e5ngen:<\/i><i><a href=\"http:\/\/www.youtube.com\/watch?v=_enBoNg6pQQ\"><br \/>\nEn bra l\u00e5t med Charles Edward Anderson Berry<\/a><\/i><\/p>\n","protected":false},"excerpt":{"rendered":"<p>Hoppas jag f\u00e5r ber\u00e4tta den scenen i en l\u00e4ngre ber\u00e4ttelse n\u00e5gon g\u00e5ng, om den blir f\u00e4rdig. Men jag b\u00f6rjar inse varf\u00f6r jag blir s\u00e5 st\u00f6rd n\u00e4r tekniken kr\u00e5nglar. Spotify blir kapat, n\u00e5got litet delprogram till den h\u00e4r webbplatsen fungerar fel, jag f\u00e5r f\u00f6rst inte ordning p\u00e5 golvv\u00e4rmens veckoreglering i k\u00f6ket. St\u00f6rd. Besatt i dagar i &hellip; <a href=\"https:\/\/sven-ove.nu\/?p=7725\" class=\"more-link\">Forts\u00e4tt l\u00e4sa <span class=\"screen-reader-text\">Den d\u00e5ligt v\u00e4rldsvane och or\u00e4ttvisorna<\/span><\/a><\/p>\n","protected":false},"author":1,"featured_media":0,"comment_status":"open","ping_status":"open","sticky":false,"template":"","format":"standard","meta":{"_crdt_document":"","_monsterinsights_skip_tracking":false,"_monsterinsights_sitenote_active":false,"_monsterinsights_sitenote_note":"","_monsterinsights_sitenote_category":0,"footnotes":""},"categories":[10,9],"tags":[18,13],"class_list":["post-7725","post","type-post","status-publish","format-standard","hentry","category-familjen","category-politik","tag-lardomar","tag-utrustning"],"_links":{"self":[{"href":"https:\/\/sven-ove.nu\/index.php?rest_route=\/wp\/v2\/posts\/7725","targetHints":{"allow":["GET"]}}],"collection":[{"href":"https:\/\/sven-ove.nu\/index.php?rest_route=\/wp\/v2\/posts"}],"about":[{"href":"https:\/\/sven-ove.nu\/index.php?rest_route=\/wp\/v2\/types\/post"}],"author":[{"embeddable":true,"href":"https:\/\/sven-ove.nu\/index.php?rest_route=\/wp\/v2\/users\/1"}],"replies":[{"embeddable":true,"href":"https:\/\/sven-ove.nu\/index.php?rest_route=%2Fwp%2Fv2%2Fcomments&post=7725"}],"version-history":[{"count":6,"href":"https:\/\/sven-ove.nu\/index.php?rest_route=\/wp\/v2\/posts\/7725\/revisions"}],"predecessor-version":[{"id":7733,"href":"https:\/\/sven-ove.nu\/index.php?rest_route=\/wp\/v2\/posts\/7725\/revisions\/7733"}],"wp:attachment":[{"href":"https:\/\/sven-ove.nu\/index.php?rest_route=%2Fwp%2Fv2%2Fmedia&parent=7725"}],"wp:term":[{"taxonomy":"category","embeddable":true,"href":"https:\/\/sven-ove.nu\/index.php?rest_route=%2Fwp%2Fv2%2Fcategories&post=7725"},{"taxonomy":"post_tag","embeddable":true,"href":"https:\/\/sven-ove.nu\/index.php?rest_route=%2Fwp%2Fv2%2Ftags&post=7725"}],"curies":[{"name":"wp","href":"https:\/\/api.w.org\/{rel}","templated":true}]}}