{"id":7753,"date":"2013-12-09T03:00:10","date_gmt":"2013-12-09T02:00:10","guid":{"rendered":"http:\/\/sven-ove.nu\/?p=7753"},"modified":"2013-12-08T17:35:41","modified_gmt":"2013-12-08T16:35:41","slug":"det-jag-aldrig-har-skadat-forut","status":"publish","type":"post","link":"https:\/\/sven-ove.nu\/?p=7753","title":{"rendered":"Det jag aldrig har sk\u00e5dat f\u00f6rut"},"content":{"rendered":"<p><a href=\"https:\/\/sven-ove.nu\/wp-content\/uploads\/2013\/12\/Sn\u00f6g.jpg\"><img loading=\"lazy\" decoding=\"async\" class=\"alignright size-large wp-image-7754\" alt=\"Sn\u00f6g\" src=\"https:\/\/sven-ove.nu\/wp-content\/uploads\/2013\/12\/Sn\u00f6g-1024x613.jpg\" width=\"640\" height=\"383\" srcset=\"https:\/\/sven-ove.nu\/wp-content\/uploads\/2013\/12\/Sn\u00f6g-1024x613.jpg 1024w, https:\/\/sven-ove.nu\/wp-content\/uploads\/2013\/12\/Sn\u00f6g-300x179.jpg 300w\" sizes=\"auto, (max-width: 640px) 100vw, 640px\" \/><\/a><\/p>\n<p>En annan dag. Sn\u00f6fall i dag igen, fort och t\u00e4tt faller flingorna, m\u00e5lar v\u00e4rlden vit och sm\u00e5ningom bl\u00e5, g\u00f6r v\u00e5r tr\u00e4dg\u00e5rd mjuk och garageuppfarten oskarp.<\/p>\n<p>Det \u00e4r en s\u00e5dan lycka med den sn\u00f6gen. N\u00e4r jag var barn stod jag med n\u00e4san mot rutan p\u00e5 senh\u00f6stkv\u00e4llarna hemma p\u00e5 g\u00e5rden och stirrade ut i det gula ljuset fr\u00e5n g\u00e5rdslampan. Skulle det sn\u00f6a i natt s\u00e5 vi fick \u00e5ka skidor i morgon?<\/p>\n<p>En kv\u00e4ll kom den. Varenda \u00e5r. Sn\u00f6 \u00f6ver hela socknen. D\u00e5 somnade den h\u00e4r m\u00e4nniskan f\u00f6rv\u00e4ntansfull, det \u00e4r det b\u00e4sta s\u00e4ttet att somna.<\/p>\n<p><b>V\u00e4ntat med skr\u00e4ck och f\u00f6rtjusning<br \/>\n<\/b>En annan dag i Forshaga. Skottar sn\u00f6, sopar veranda, borstar bil, ger mig ut p\u00e5 en l\u00f6ptur som blir till \u00e4lskad sn\u00f6pulsrunda. Vi stammar fr\u00e5n Afrikas savanner och \u00f6knar har jag f\u00f6r mig, var har jag d\u00e5 plockat upp denna extragen efter v\u00e4gen? I december \u00e4r sn\u00f6pulsgenen synnerligen dominant och sprittande i den h\u00e4r kroppen. Knarr knarr knarr plogar sn\u00f6tokiga f\u00f6tter ett dansande fotsp\u00e5r genom femton centimeter f\u00e4rsk l\u00e4ttsn\u00f6 \u00f6ver \u00f6ppet landskap i det n\u00e4rmre bevakningsomr\u00e5det.<\/p>\n<p style=\"padding-left: 30px;\"><b>Jag ska \u00f6ver \u00e4ngen upp till Sisug\u00e5rden f\u00f6r att se det jag aldrig har sett f\u00f6rut, fast jag \u00e4r skogsm\u00e4nniska och fast\u00e4n jag har v\u00e4ntat med skr\u00e4ckblandad f\u00f6rtjusning \u00e4nda sedan b\u00f6rjan av 1980-talet.<\/b><\/p>\n<p style=\"padding-left: 30px;\"><b>Vargsp\u00e5r.<\/b><\/p>\n<p>Klockan 09.30 den 8 december s\u00e5g en motion\u00e4r en ensam varg vid grillplatsen vid Sisug\u00e5rden. Trettio sekunder senare kom v\u00e5r granne. D\u00e5 var det f\u00f6rsent att se vargen d\u00e4r uppe p\u00e5 kullen men sp\u00e5ren fanns kvar. Nu \u00e4r klockan snart tre p\u00e5 eftermiddagen och sn\u00f6n har fallit hela dagen. D\u00e4r \u00e4r de \u00e4nd\u00e5, rej\u00e4lt \u00f6versn\u00f6ade men fortfarande synliga. Ober\u00f6rt har det vilda djuret lunkat fr\u00e5n grillplatsen, ut p\u00e5 skid\u00e5karbron och \u00f6ver v\u00e4g 62.<\/p>\n<p>L\u00e4nge l\u00e4nge spanar jag \u00f6ver g\u00e4rdena v\u00e4ster om bron. Vi \u00e4r inte ensamma p\u00e5 Grossbolstorp.<\/p>\n","protected":false},"excerpt":{"rendered":"<p>En annan dag. Sn\u00f6fall i dag igen, fort och t\u00e4tt faller flingorna, m\u00e5lar v\u00e4rlden vit och sm\u00e5ningom bl\u00e5, g\u00f6r v\u00e5r tr\u00e4dg\u00e5rd mjuk och garageuppfarten oskarp. Det \u00e4r en s\u00e5dan lycka med den sn\u00f6gen. N\u00e4r jag var barn stod jag med n\u00e4san mot rutan p\u00e5 senh\u00f6stkv\u00e4llarna hemma p\u00e5 g\u00e5rden och stirrade ut i det gula ljuset &hellip; <a href=\"https:\/\/sven-ove.nu\/?p=7753\" class=\"more-link\">Forts\u00e4tt l\u00e4sa <span class=\"screen-reader-text\">Det jag aldrig har sk\u00e5dat f\u00f6rut<\/span><\/a><\/p>\n","protected":false},"author":1,"featured_media":0,"comment_status":"open","ping_status":"open","sticky":false,"template":"","format":"standard","meta":{"_crdt_document":"","_monsterinsights_skip_tracking":false,"_monsterinsights_sitenote_active":false,"_monsterinsights_sitenote_note":"","_monsterinsights_sitenote_category":0,"footnotes":""},"categories":[5,6],"tags":[24,7],"class_list":["post-7753","post","type-post","status-publish","format-standard","hentry","category-lopning","category-natur","tag-karlek","tag-miljo"],"_links":{"self":[{"href":"https:\/\/sven-ove.nu\/index.php?rest_route=\/wp\/v2\/posts\/7753","targetHints":{"allow":["GET"]}}],"collection":[{"href":"https:\/\/sven-ove.nu\/index.php?rest_route=\/wp\/v2\/posts"}],"about":[{"href":"https:\/\/sven-ove.nu\/index.php?rest_route=\/wp\/v2\/types\/post"}],"author":[{"embeddable":true,"href":"https:\/\/sven-ove.nu\/index.php?rest_route=\/wp\/v2\/users\/1"}],"replies":[{"embeddable":true,"href":"https:\/\/sven-ove.nu\/index.php?rest_route=%2Fwp%2Fv2%2Fcomments&post=7753"}],"version-history":[{"count":1,"href":"https:\/\/sven-ove.nu\/index.php?rest_route=\/wp\/v2\/posts\/7753\/revisions"}],"predecessor-version":[{"id":7755,"href":"https:\/\/sven-ove.nu\/index.php?rest_route=\/wp\/v2\/posts\/7753\/revisions\/7755"}],"wp:attachment":[{"href":"https:\/\/sven-ove.nu\/index.php?rest_route=%2Fwp%2Fv2%2Fmedia&parent=7753"}],"wp:term":[{"taxonomy":"category","embeddable":true,"href":"https:\/\/sven-ove.nu\/index.php?rest_route=%2Fwp%2Fv2%2Fcategories&post=7753"},{"taxonomy":"post_tag","embeddable":true,"href":"https:\/\/sven-ove.nu\/index.php?rest_route=%2Fwp%2Fv2%2Ftags&post=7753"}],"curies":[{"name":"wp","href":"https:\/\/api.w.org\/{rel}","templated":true}]}}