{"id":7762,"date":"2013-12-11T03:00:10","date_gmt":"2013-12-11T02:00:10","guid":{"rendered":"http:\/\/sven-ove.nu\/?p=7762"},"modified":"2013-12-11T06:55:46","modified_gmt":"2013-12-11T05:55:46","slug":"ibland-ar-det-uppforsbacke","status":"publish","type":"post","link":"https:\/\/sven-ove.nu\/?p=7762","title":{"rendered":"Ibland \u00e4r det uppf\u00f6rsbacke"},"content":{"rendered":"<p>Gick med i en facebookgrupp som \u00e4r emot s\u00e5dant som att g\u00f6ra skillnad p\u00e5 m\u00e4nniskor.<\/p>\n<p>Efter ett tag uppt\u00e4ckte jag att d\u00e4r fanns m\u00e4nniskor, som \u00e4r emot s\u00e5dant som att g\u00f6ra skillnad p\u00e5 m\u00e4nniskor, som \u00e4gnade hela dagarna \u00e5t att f\u00f6rs\u00f6ka g\u00f6ra skillnad p\u00e5 s\u00e5dana som \u00e4r emot s\u00e5dant som att g\u00f6ra skillnad p\u00e5 m\u00e4nniskor. <i>Du f\u00e5r inte vara med bland oss som tycker att alla har lika v\u00e4rde f\u00f6r det \u00e4r du inte v\u00e4rd. <\/i>F\u00e5 var de men effektiva. Deras tr\u00e5dar i min dator var som lortgrisens benlindor, n\u00e5gon borde tv\u00e4tta dem och stryka.<\/p>\n<p>Vore det inte s\u00e5 galghumoristiskt skulle jag gr\u00e5ta \u00e5t el\u00e4ndet.<\/p>\n<p>Det \u00e4r precis som n\u00e4r folk som tycker om t\u00e5g klagar p\u00e5 t\u00e5gen hela dagarna s\u00e5 att t\u00e5gen ska f\u00e5 d\u00e5ligt rykte men det vill de inte.<\/p>\n<p>Fast bara n\u00e4stan.<\/p>\n","protected":false},"excerpt":{"rendered":"<p>Gick med i en facebookgrupp som \u00e4r emot s\u00e5dant som att g\u00f6ra skillnad p\u00e5 m\u00e4nniskor. Efter ett tag uppt\u00e4ckte jag att d\u00e4r fanns m\u00e4nniskor, som \u00e4r emot s\u00e5dant som att g\u00f6ra skillnad p\u00e5 m\u00e4nniskor, som \u00e4gnade hela dagarna \u00e5t att f\u00f6rs\u00f6ka g\u00f6ra skillnad p\u00e5 s\u00e5dana som \u00e4r emot s\u00e5dant som att g\u00f6ra skillnad p\u00e5 m\u00e4nniskor. &hellip; <a href=\"https:\/\/sven-ove.nu\/?p=7762\" class=\"more-link\">Forts\u00e4tt l\u00e4sa <span class=\"screen-reader-text\">Ibland \u00e4r det uppf\u00f6rsbacke<\/span><\/a><\/p>\n","protected":false},"author":1,"featured_media":0,"comment_status":"open","ping_status":"open","sticky":false,"template":"","format":"standard","meta":{"_crdt_document":"","_monsterinsights_skip_tracking":false,"_monsterinsights_sitenote_active":false,"_monsterinsights_sitenote_note":"","_monsterinsights_sitenote_category":0,"footnotes":""},"categories":[9,4],"tags":[16,17],"class_list":["post-7762","post","type-post","status-publish","format-standard","hentry","category-politik","category-skrivande","tag-dumheter","tag-solidaritet"],"_links":{"self":[{"href":"https:\/\/sven-ove.nu\/index.php?rest_route=\/wp\/v2\/posts\/7762","targetHints":{"allow":["GET"]}}],"collection":[{"href":"https:\/\/sven-ove.nu\/index.php?rest_route=\/wp\/v2\/posts"}],"about":[{"href":"https:\/\/sven-ove.nu\/index.php?rest_route=\/wp\/v2\/types\/post"}],"author":[{"embeddable":true,"href":"https:\/\/sven-ove.nu\/index.php?rest_route=\/wp\/v2\/users\/1"}],"replies":[{"embeddable":true,"href":"https:\/\/sven-ove.nu\/index.php?rest_route=%2Fwp%2Fv2%2Fcomments&post=7762"}],"version-history":[{"count":3,"href":"https:\/\/sven-ove.nu\/index.php?rest_route=\/wp\/v2\/posts\/7762\/revisions"}],"predecessor-version":[{"id":7767,"href":"https:\/\/sven-ove.nu\/index.php?rest_route=\/wp\/v2\/posts\/7762\/revisions\/7767"}],"wp:attachment":[{"href":"https:\/\/sven-ove.nu\/index.php?rest_route=%2Fwp%2Fv2%2Fmedia&parent=7762"}],"wp:term":[{"taxonomy":"category","embeddable":true,"href":"https:\/\/sven-ove.nu\/index.php?rest_route=%2Fwp%2Fv2%2Fcategories&post=7762"},{"taxonomy":"post_tag","embeddable":true,"href":"https:\/\/sven-ove.nu\/index.php?rest_route=%2Fwp%2Fv2%2Ftags&post=7762"}],"curies":[{"name":"wp","href":"https:\/\/api.w.org\/{rel}","templated":true}]}}