{"id":7768,"date":"2013-12-17T03:00:43","date_gmt":"2013-12-17T02:00:43","guid":{"rendered":"http:\/\/sven-ove.nu\/?p=7768"},"modified":"2013-12-15T20:17:21","modified_gmt":"2013-12-15T19:17:21","slug":"och-det-hande-sig-vid-den-tiden","status":"publish","type":"post","link":"https:\/\/sven-ove.nu\/?p=7768","title":{"rendered":"Och det h\u00e4nde sig vid den tiden &#8230;"},"content":{"rendered":"<p><a href=\"https:\/\/sven-ove.nu\/wp-content\/uploads\/2013\/12\/Israels-mur.jpg\"><img loading=\"lazy\" decoding=\"async\" class=\"size-medium wp-image-7769 alignleft\" alt=\"Israels mur\" src=\"https:\/\/sven-ove.nu\/wp-content\/uploads\/2013\/12\/Israels-mur-300x195.jpg\" width=\"300\" height=\"195\" srcset=\"https:\/\/sven-ove.nu\/wp-content\/uploads\/2013\/12\/Israels-mur-300x195.jpg 300w, https:\/\/sven-ove.nu\/wp-content\/uploads\/2013\/12\/Israels-mur.jpg 476w\" sizes=\"auto, (max-width: 300px) 100vw, 300px\" \/><\/a><\/p>\n<p>&nbsp;<\/p>\n<p>&nbsp;<\/p>\n<p>Snart \u00e4r det jul. Tur att vi inte beh\u00f6ver \u00e5ka till Betlehem f\u00f6r att l\u00e5ta skattskriva oss. Det h\u00e4r \u00e4r vad jag l\u00e4ser p\u00e5 det v\u00e4rldsomsp\u00e4nnande n\u00e4tet:<\/p>\n<p style=\"padding-left: 30px;\"><b>Om Josef och Maria skulle ge sig iv\u00e4g fr\u00e5n Nasaret till Betlehem i dag, s\u00e5 skulle de beh\u00f6va passera elva israeliska v\u00e4gsp\u00e4rrar, en s\u00e4kerhetskontroll samt en \u00e5tta meter h\u00f6g mur.<\/b><\/p>\n<p>Historien har sina ironier.<b><\/b><\/p>\n","protected":false},"excerpt":{"rendered":"<p>&nbsp; &nbsp; Snart \u00e4r det jul. Tur att vi inte beh\u00f6ver \u00e5ka till Betlehem f\u00f6r att l\u00e5ta skattskriva oss. Det h\u00e4r \u00e4r vad jag l\u00e4ser p\u00e5 det v\u00e4rldsomsp\u00e4nnande n\u00e4tet: Om Josef och Maria skulle ge sig iv\u00e4g fr\u00e5n Nasaret till Betlehem i dag, s\u00e5 skulle de beh\u00f6va passera elva israeliska v\u00e4gsp\u00e4rrar, en s\u00e4kerhetskontroll samt en &hellip; <a href=\"https:\/\/sven-ove.nu\/?p=7768\" class=\"more-link\">Forts\u00e4tt l\u00e4sa <span class=\"screen-reader-text\">Och det h\u00e4nde sig vid den tiden &#8230;<\/span><\/a><\/p>\n","protected":false},"author":1,"featured_media":0,"comment_status":"open","ping_status":"open","sticky":false,"template":"","format":"standard","meta":{"_crdt_document":"","_monsterinsights_skip_tracking":false,"_monsterinsights_sitenote_active":false,"_monsterinsights_sitenote_note":"","_monsterinsights_sitenote_category":0,"footnotes":""},"categories":[9],"tags":[16,8],"class_list":["post-7768","post","type-post","status-publish","format-standard","hentry","category-politik","tag-dumheter","tag-historia"],"_links":{"self":[{"href":"https:\/\/sven-ove.nu\/index.php?rest_route=\/wp\/v2\/posts\/7768","targetHints":{"allow":["GET"]}}],"collection":[{"href":"https:\/\/sven-ove.nu\/index.php?rest_route=\/wp\/v2\/posts"}],"about":[{"href":"https:\/\/sven-ove.nu\/index.php?rest_route=\/wp\/v2\/types\/post"}],"author":[{"embeddable":true,"href":"https:\/\/sven-ove.nu\/index.php?rest_route=\/wp\/v2\/users\/1"}],"replies":[{"embeddable":true,"href":"https:\/\/sven-ove.nu\/index.php?rest_route=%2Fwp%2Fv2%2Fcomments&post=7768"}],"version-history":[{"count":6,"href":"https:\/\/sven-ove.nu\/index.php?rest_route=\/wp\/v2\/posts\/7768\/revisions"}],"predecessor-version":[{"id":7817,"href":"https:\/\/sven-ove.nu\/index.php?rest_route=\/wp\/v2\/posts\/7768\/revisions\/7817"}],"wp:attachment":[{"href":"https:\/\/sven-ove.nu\/index.php?rest_route=%2Fwp%2Fv2%2Fmedia&parent=7768"}],"wp:term":[{"taxonomy":"category","embeddable":true,"href":"https:\/\/sven-ove.nu\/index.php?rest_route=%2Fwp%2Fv2%2Fcategories&post=7768"},{"taxonomy":"post_tag","embeddable":true,"href":"https:\/\/sven-ove.nu\/index.php?rest_route=%2Fwp%2Fv2%2Ftags&post=7768"}],"curies":[{"name":"wp","href":"https:\/\/api.w.org\/{rel}","templated":true}]}}