{"id":7775,"date":"2013-12-14T03:00:13","date_gmt":"2013-12-14T02:00:13","guid":{"rendered":"http:\/\/sven-ove.nu\/?p=7775"},"modified":"2013-12-13T10:49:39","modified_gmt":"2013-12-13T09:49:39","slug":"fem-dodssynder-en-at-dem-var-och-en-i-minne","status":"publish","type":"post","link":"https:\/\/sven-ove.nu\/?p=7775","title":{"rendered":"Fem d\u00f6dssynder &#8211; en \u00e5t dem var och en i minne"},"content":{"rendered":"<p>Jobbskatteavdrag. N\u00e4r f\u00f6rskolebarnen f\u00e5r betala med sitt jobb. Det blir jobbigare f\u00f6r dem p\u00e5 f\u00f6rskolan n\u00e4r de sj\u00e4lva blir fler och fler i gruppen och fler och fler per f\u00f6rskoll\u00e4rare.<\/p>\n<p>Jobbskatteavdrag. N\u00e4r skolbarnen f\u00e5r betala med sitt jobb. Det blir jobbigare f\u00f6r dem i skolan n\u00e4r klassen blir st\u00f6rre och personalen slitnare.<\/p>\n<p>Jobbskatteavdrag. N\u00e4r de gamla med hemtj\u00e4nst f\u00e5r betala med sitt jobb. Det blir jobbigare dagar f\u00f6r dem n\u00e4r de som ska komma hem och hj\u00e4lpa blir \u00e4nnu mer stressade.<\/p>\n<p style=\"padding-left: 30px;\"><b>Hittills har den borgerliga regeringen drivit igenom fem jobbskatteavdrag p\u00e5 dessa f\u00e5 \u00e5r. Fem stycken, en d\u00f6dssynd var per parti och en i minne. Frosseri, avund, girighet, h\u00f6gmod och \u2026lust.<\/b><\/p>\n<p><a href=\"https:\/\/sven-ove.nu\/wp-content\/uploads\/2013\/12\/Privat-omr\u00e5de.jpg\"><img loading=\"lazy\" decoding=\"async\" class=\"alignright size-full wp-image-7787\" alt=\"Privat omr\u00e5de\" src=\"https:\/\/sven-ove.nu\/wp-content\/uploads\/2013\/12\/Privat-omr\u00e5de.jpg\" width=\"120\" height=\"170\" \/><\/a>Ett tag funderar jag p\u00e5 vilken d\u00f6dssynd som h\u00f6r till vilket parti. H\u00f6r <i>frosseriet<\/i> till moderaterna, som n\u00e4stan \u00e4tit upp de andra alliansv\u00e4nnerna? H\u00f6r<i> avunden<\/i> till folkpartiet, som hade velat v\u00e4xa i st\u00e4llet f\u00f6r de bl\u00e5? <i>Girigheten,<\/i> \u00e4r den centerpartisternas, efter att de s\u00e5lde sina tidningar och sitt k\u00e4rnkraftsmotst\u00e5nd? Sj\u00e4lva<i> h\u00f6gmodet<\/i>, kan det vara kristdemokraternas? De som vet att de f\u00e5r bete sig hur som helst, ty V\u00e5r Herre f\u00f6rl\u00e5ter dem i alla fall, bara de ber om det? De tror det.<\/p>\n<p><b>Den v\u00e4rsta synden f\u00f6r ett parti<br \/>\n<\/b>Efter ett tag vet jag hur d\u00f6dssynderna ska f\u00f6rdelas, det \u00e4r inte s\u00e5 sv\u00e5rt. Synd nummer fem f\u00e5r de dela p\u00e5. Den \u00e4r v\u00e4rst. Finns det v\u00e4rre synd f\u00f6r ett parti \u00e4n <i>lust<\/i> &#8211; att f\u00f6rst\u00f6ra? Lust att riva ner den v\u00e4lf\u00e4rd som svenska folket har k\u00e4mpat sig till, slitit och byggt upp tillsammans under l\u00e5nga str\u00e4vsamma \u00e5r. Ofta under h\u00e5rt motst\u00e5nd fr\u00e5n samma partier som nu river.<\/p>\n<p><a href=\"https:\/\/sven-ove.nu\/wp-content\/uploads\/2013\/12\/Rea-p\u00e5-mycke.jpg\"><img loading=\"lazy\" decoding=\"async\" class=\"alignright size-medium wp-image-7789\" alt=\"Rea p\u00e5 mycke'\" src=\"https:\/\/sven-ove.nu\/wp-content\/uploads\/2013\/12\/Rea-p\u00e5-mycke-245x300.jpg\" width=\"245\" height=\"300\" srcset=\"https:\/\/sven-ove.nu\/wp-content\/uploads\/2013\/12\/Rea-p\u00e5-mycke-245x300.jpg 245w, https:\/\/sven-ove.nu\/wp-content\/uploads\/2013\/12\/Rea-p\u00e5-mycke-837x1024.jpg 837w, https:\/\/sven-ove.nu\/wp-content\/uploads\/2013\/12\/Rea-p\u00e5-mycke.jpg 1379w\" sizes=\"auto, (max-width: 245px) 100vw, 245px\" \/><\/a>Inte var den perfekt, v\u00e5r v\u00e4lf\u00e4rd. Det finns inga perfekta samh\u00e4llen, inga full\u00e4ndade m\u00e4nniskor. Men den var bra, det har de l\u00e4rt oss att se. D\u00e5 var den bra.<\/p>\n<p style=\"padding-left: 30px;\"><b>Nu s\u00e4ljs v\u00e5rt bygge till \u00f6ar d\u00e4r skatten \u00e4r l\u00e5g. Nu g\u00e5r den till de girigas kompisar. \u00c4r det inte sj\u00e4lva verksamheterna som rikt folk f\u00e5r f\u00f6r en billig penning, s\u00e5 \u00e4r det penningen sj\u00e4lv. D\u00e4r har du den femte d\u00f6dssyndens v\u00e4rsta lust. Den outtagna skattens lust. Lusten att sluta dela varandras b\u00f6rdor, lusten att sluta bygga ett samh\u00e4lle.<\/b><\/p>\n<p>\u201dVi under skatter digna ner\u201d? Nej, vi gjorde inte det, den versraden ljuger. Vi vet det nu. Vi fick n\u00e5gonting vackert f\u00f6r pengarna. D\u00e5 fick vi det.<\/p>\n<p><b>Blev inte mer jobb<br \/>\n<\/b>Sj\u00e4lv f\u00e5r jag \u00f6ver tv\u00e5 tusen kronor i minskad skatt varje m\u00e5nad, p\u00e5 grund av jobbskatteavdragen. Jobbar jag mer f\u00f6r det? Nej, jag g\u00f6r ju inte det. Jag har jobbat h\u00e5rt i hela mitt liv, \u00e4nda sedan f\u00f6rsta ackorden p\u00e5 det \u00e4lskade s\u00e5gverket och de f\u00f6rsta l\u00f6psedlarna p\u00e5 f\u00f6rsta fasta journalistjobbet, lika \u00e4lskat det. Vi g\u00f6r n\u00e4mligen s\u00e5 i svenskt arbetsliv, jobbar h\u00e5rt, och inte har vi blivit latare.<\/p>\n<p style=\"padding-left: 30px;\"><strong>Vill jag ha de d\u00e4r tv\u00e5 tusen kronorna? Nej inte till det priset, jag vet vem som f\u00e5r betala. Jag vet vad det kostar. Det finns inga gratis luncher, n\u00e5gon m\u00e5ste alltid betala. Att riva ett samh\u00e4lle g\u00e5r fort, att bygga upp det igen kommer att ta m\u00e5nga \u00e5r.<\/strong><\/p>\n<p>Det finns klokare ekonomer \u00e4n jag som har konstaterat att svenskarna inte jobbar mer p\u00e5 grund av avdraget. Det blev inte som ministrarna lovade.<\/p>\n<p><b>F\u00f6rsenar t\u00e5gen<br \/>\n<\/b>Jobbskatteavdrag. N\u00e4r de som ska \u00e5ka t\u00e5g f\u00e5r betala med sin v\u00e4ntetid. Det blir jobbigare f\u00f6r dem n\u00e4r t\u00e5gen blir f\u00f6rsenade, f\u00f6r att det inte finns pengar nog till underh\u00e5ll av v\u00e5ra j\u00e4rnv\u00e4gar.<\/p>\n<p>Jobbskatteavdrag. N\u00e4r sjukv\u00e5rdens folk f\u00e5r slita h\u00e4cken av sig och n\u00e4r de som har det sv\u00e5rt i Sverige f\u00e5r s\u00e4mre sjukers\u00e4ttning och a-kasseers\u00e4ttning (om de f\u00e5r n\u00e5gon alls) f\u00f6r att pengarna jobbar \u00e5t n\u00e5gon helt annan, p\u00e5 n\u00e5gon skattefri \u00f6.<\/p>\n<p>Jobbskatteavdrag. N\u00e4r Sveriges f\u00f6rsvar blir tunnare och tunnare f\u00f6r varje rysk stor\u00f6vning i v\u00e5r n\u00e4rhet, eftersom de som f\u00f6rr ville f\u00f6rsvara oss blev alltf\u00f6r giriga en dag.<\/p>\n<p>Det finns tv\u00e5 d\u00f6dssynder kvar, ni f\u00e5r dem med i alliansen. Gissa hur. Gissa vilka.<\/p>\n<p><b>Ett RIV-avdrag<br \/>\n<a href=\"https:\/\/sven-ove.nu\/wp-content\/uploads\/2013\/12\/Femte-RIV-avdraget.jpg\"><img loading=\"lazy\" decoding=\"async\" class=\"alignright size-full wp-image-7780\" alt=\"Femte RIV-avdraget\" src=\"https:\/\/sven-ove.nu\/wp-content\/uploads\/2013\/12\/Femte-RIV-avdraget.jpg\" width=\"427\" height=\"322\" srcset=\"https:\/\/sven-ove.nu\/wp-content\/uploads\/2013\/12\/Femte-RIV-avdraget.jpg 427w, https:\/\/sven-ove.nu\/wp-content\/uploads\/2013\/12\/Femte-RIV-avdraget-300x226.jpg 300w\" sizes=\"auto, (max-width: 427px) 100vw, 427px\" \/><\/a><\/b>Nu t\u00e4nker du m\u00f6jligen att jobbskatteavdraget inte drabbar din kommuns eller landstingets ekonomi direkt, den drabbar staten. Ledsen, men det resonemanget fungerar inte. Det \u00e4r som att f\u00f6rs\u00f6ka dela p\u00e5 min och den k\u00e4ra v\u00e4nnens ekonomi. Det blir lite sv\u00e5rt.<\/p>\n<p style=\"padding-left: 30px;\"><strong>Vi bor i samma hus, f\u00f6rst\u00e5r du. Vi \u00e4ter samma mat. Vi vill g\u00e4rna ta hand om varandra.\u00a0<\/strong><strong>Minskar du mina inkomster s\u00e5 m\u00e4rks det i hennes pl\u00e5nbok med.<\/strong><\/p>\n<p>Det \u00e4r snart jul, annars skulle jag skriva att ni har stulit alla dessa miljarder. Knyckt dem fr\u00e5n v\u00e5r gemensamma v\u00e4lf\u00e4rd i fosterlandet Sverige. Roffat dem, fr\u00e5n alla dessa jobb som hade beh\u00f6vts f\u00f6r att bygga b\u00e4ttre j\u00e4rnv\u00e4gar, b\u00e4ttre v\u00e4lf\u00e4rd, varmare samh\u00e4lle. Tagit dem fr\u00e5n svenska folket.<\/p>\n<p>Ett RIV-avdrag \u00e4r det ni har skapat.<br \/>\nNi borde sk\u00e4mmas.<\/p>\n","protected":false},"excerpt":{"rendered":"<p>Jobbskatteavdrag. N\u00e4r f\u00f6rskolebarnen f\u00e5r betala med sitt jobb. Det blir jobbigare f\u00f6r dem p\u00e5 f\u00f6rskolan n\u00e4r de sj\u00e4lva blir fler och fler i gruppen och fler och fler per f\u00f6rskoll\u00e4rare. Jobbskatteavdrag. N\u00e4r skolbarnen f\u00e5r betala med sitt jobb. Det blir jobbigare f\u00f6r dem i skolan n\u00e4r klassen blir st\u00f6rre och personalen slitnare. Jobbskatteavdrag. N\u00e4r de &hellip; <a href=\"https:\/\/sven-ove.nu\/?p=7775\" class=\"more-link\">Forts\u00e4tt l\u00e4sa <span class=\"screen-reader-text\">Fem d\u00f6dssynder &#8211; en \u00e5t dem var och en i minne<\/span><\/a><\/p>\n","protected":false},"author":1,"featured_media":0,"comment_status":"open","ping_status":"open","sticky":false,"template":"","format":"standard","meta":{"_crdt_document":"","_monsterinsights_skip_tracking":false,"_monsterinsights_sitenote_active":false,"_monsterinsights_sitenote_note":"","_monsterinsights_sitenote_category":0,"footnotes":""},"categories":[9],"tags":[16,18],"class_list":["post-7775","post","type-post","status-publish","format-standard","hentry","category-politik","tag-dumheter","tag-lardomar"],"_links":{"self":[{"href":"https:\/\/sven-ove.nu\/index.php?rest_route=\/wp\/v2\/posts\/7775","targetHints":{"allow":["GET"]}}],"collection":[{"href":"https:\/\/sven-ove.nu\/index.php?rest_route=\/wp\/v2\/posts"}],"about":[{"href":"https:\/\/sven-ove.nu\/index.php?rest_route=\/wp\/v2\/types\/post"}],"author":[{"embeddable":true,"href":"https:\/\/sven-ove.nu\/index.php?rest_route=\/wp\/v2\/users\/1"}],"replies":[{"embeddable":true,"href":"https:\/\/sven-ove.nu\/index.php?rest_route=%2Fwp%2Fv2%2Fcomments&post=7775"}],"version-history":[{"count":17,"href":"https:\/\/sven-ove.nu\/index.php?rest_route=\/wp\/v2\/posts\/7775\/revisions"}],"predecessor-version":[{"id":7777,"href":"https:\/\/sven-ove.nu\/index.php?rest_route=\/wp\/v2\/posts\/7775\/revisions\/7777"}],"wp:attachment":[{"href":"https:\/\/sven-ove.nu\/index.php?rest_route=%2Fwp%2Fv2%2Fmedia&parent=7775"}],"wp:term":[{"taxonomy":"category","embeddable":true,"href":"https:\/\/sven-ove.nu\/index.php?rest_route=%2Fwp%2Fv2%2Fcategories&post=7775"},{"taxonomy":"post_tag","embeddable":true,"href":"https:\/\/sven-ove.nu\/index.php?rest_route=%2Fwp%2Fv2%2Ftags&post=7775"}],"curies":[{"name":"wp","href":"https:\/\/api.w.org\/{rel}","templated":true}]}}