{"id":7803,"date":"2013-12-18T03:00:03","date_gmt":"2013-12-18T02:00:03","guid":{"rendered":"http:\/\/sven-ove.nu\/?p=7803"},"modified":"2013-12-16T19:27:19","modified_gmt":"2013-12-16T18:27:19","slug":"da-blir-vi-sovkorvar","status":"publish","type":"post","link":"https:\/\/sven-ove.nu\/?p=7803","title":{"rendered":"D\u00e5 blir vi sovkorvar"},"content":{"rendered":"<p>Livet \u00e4r inte bara mat, arbete, s\u00f6mn och att spara till pensionen. N\u00e5gon g\u00e5ng vill du st\u00e4lla till med fest ocks\u00e5, k\u00f6pa en tavla, kosta p\u00e5 dig ett mysljus. Du kanske till och med g\u00e5r p\u00e5 bio, en kuddutst\u00e4llning p\u00e5 hembygdsg\u00e5rden eller julkonsert i kyrkan.<\/p>\n<p style=\"padding-left: 30px;\"><strong><a href=\"https:\/\/sven-ove.nu\/wp-content\/uploads\/2013\/09\/Konst-i-Karlstad.jpg\"><img loading=\"lazy\" decoding=\"async\" class=\"alignright size-thumbnail wp-image-6722\" alt=\"Konst i Karlstad\" src=\"https:\/\/sven-ove.nu\/wp-content\/uploads\/2013\/09\/Konst-i-Karlstad-150x150.jpg\" width=\"150\" height=\"150\" \/><\/a>S\u00e5 g\u00f6r du. S\u00e5 b\u00f6r samh\u00e4llet ocks\u00e5 g\u00f6ra. Vi \u00e4r inga sovkorvar, som bara ska fyllas med mat och s\u00f6mn fr\u00e5n vaggan till graven. Ibland beh\u00f6ver vi n\u00e5got mer. Det \u00e4r fint om vi f\u00e5tt v\u00e5rd, skola och omsorg, men det \u00e4r r\u00e4tt g\u00f4tt att ha n\u00e5got att fylla detta v\u00e5rdade, skolade och omsorgstagna liv med ocks\u00e5.<\/strong><\/p>\n<p style=\"padding-left: 30px;\"><strong>Sj\u00e4len beh\u00f6ver sitt inneh\u00e5ll.<br \/>\n<\/strong><strong>Sj\u00e4len vill m\u00f6ta vackerheta i v\u00e4rlden.<br \/>\nIbland vill den ha tuggmotst\u00e5nd.<\/strong><\/p>\n<p><a href=\"https:\/\/sven-ove.nu\/wp-content\/uploads\/2013\/12\/Solar-och-kometer.jpg\"><img loading=\"lazy\" decoding=\"async\" class=\"size-medium wp-image-7800 alignleft\" alt=\"Solar och kometer\" src=\"https:\/\/sven-ove.nu\/wp-content\/uploads\/2013\/12\/Solar-och-kometer-89x300.jpg\" width=\"89\" height=\"300\" srcset=\"https:\/\/sven-ove.nu\/wp-content\/uploads\/2013\/12\/Solar-och-kometer-89x300.jpg 89w, https:\/\/sven-ove.nu\/wp-content\/uploads\/2013\/12\/Solar-och-kometer-304x1024.jpg 304w, https:\/\/sven-ove.nu\/wp-content\/uploads\/2013\/12\/Solar-och-kometer.jpg 538w\" sizes=\"auto, (max-width: 89px) 100vw, 89px\" \/><\/a>Det \u00e4r d\u00e4rf\u00f6r jag tycker om den gamla statliga rekommendationen att en procent av kostnaden f\u00f6r ett bygge b\u00f6r g\u00e5 till utsmyckning. Det \u00e4r d\u00e4rf\u00f6r jag tycker det \u00e4r fel s\u00e5dana g\u00e5nger att s\u00e4ga \u201dt\u00e4nk vad vi kunde ha f\u00e5tt f\u00f6r de pengarna\u201d.<\/p>\n<p>S\u00e4ger vi s\u00e5, d\u00e5 blir det inga mysljus k\u00f6pta, inga tavlor p\u00e5 v\u00e5ra v\u00e4ggar. D\u00e5 blir vi sovkorvar. M\u00e4nniskohj\u00e4rnan vill inte vara sovkorv. Synen, h\u00f6rseln, smaksinnet, k\u00e4nseln, luktsinnet och det m\u00f6jliga sj\u00e4tte sinne livet gett oss beh\u00f6ver ocks\u00e5 f\u00e5 sitt.<\/p>\n<p style=\"padding-left: 30px;\"><strong>T\u00e4nk, vad vi fick f\u00f6r pengarna.<\/strong><\/p>\n<p style=\"padding-left: 30px;\">\n<p style=\"padding-left: 30px;\">\n<p style=\"padding-left: 30px;\">\n","protected":false},"excerpt":{"rendered":"<p>Livet \u00e4r inte bara mat, arbete, s\u00f6mn och att spara till pensionen. N\u00e5gon g\u00e5ng vill du st\u00e4lla till med fest ocks\u00e5, k\u00f6pa en tavla, kosta p\u00e5 dig ett mysljus. Du kanske till och med g\u00e5r p\u00e5 bio, en kuddutst\u00e4llning p\u00e5 hembygdsg\u00e5rden eller julkonsert i kyrkan. S\u00e5 g\u00f6r du. S\u00e5 b\u00f6r samh\u00e4llet ocks\u00e5 g\u00f6ra. Vi \u00e4r &hellip; <a href=\"https:\/\/sven-ove.nu\/?p=7803\" class=\"more-link\">Forts\u00e4tt l\u00e4sa <span class=\"screen-reader-text\">D\u00e5 blir vi sovkorvar<\/span><\/a><\/p>\n","protected":false},"author":1,"featured_media":0,"comment_status":"open","ping_status":"open","sticky":false,"template":"","format":"standard","meta":{"_crdt_document":"","_monsterinsights_skip_tracking":false,"_monsterinsights_sitenote_active":false,"_monsterinsights_sitenote_note":"","_monsterinsights_sitenote_category":0,"footnotes":""},"categories":[9],"tags":[24,18,20,17],"class_list":["post-7803","post","type-post","status-publish","format-standard","hentry","category-politik","tag-karlek","tag-lardomar","tag-rad","tag-solidaritet"],"_links":{"self":[{"href":"https:\/\/sven-ove.nu\/index.php?rest_route=\/wp\/v2\/posts\/7803","targetHints":{"allow":["GET"]}}],"collection":[{"href":"https:\/\/sven-ove.nu\/index.php?rest_route=\/wp\/v2\/posts"}],"about":[{"href":"https:\/\/sven-ove.nu\/index.php?rest_route=\/wp\/v2\/types\/post"}],"author":[{"embeddable":true,"href":"https:\/\/sven-ove.nu\/index.php?rest_route=\/wp\/v2\/users\/1"}],"replies":[{"embeddable":true,"href":"https:\/\/sven-ove.nu\/index.php?rest_route=%2Fwp%2Fv2%2Fcomments&post=7803"}],"version-history":[{"count":4,"href":"https:\/\/sven-ove.nu\/index.php?rest_route=\/wp\/v2\/posts\/7803\/revisions"}],"predecessor-version":[{"id":7818,"href":"https:\/\/sven-ove.nu\/index.php?rest_route=\/wp\/v2\/posts\/7803\/revisions\/7818"}],"wp:attachment":[{"href":"https:\/\/sven-ove.nu\/index.php?rest_route=%2Fwp%2Fv2%2Fmedia&parent=7803"}],"wp:term":[{"taxonomy":"category","embeddable":true,"href":"https:\/\/sven-ove.nu\/index.php?rest_route=%2Fwp%2Fv2%2Fcategories&post=7803"},{"taxonomy":"post_tag","embeddable":true,"href":"https:\/\/sven-ove.nu\/index.php?rest_route=%2Fwp%2Fv2%2Ftags&post=7803"}],"curies":[{"name":"wp","href":"https:\/\/api.w.org\/{rel}","templated":true}]}}