{"id":7807,"date":"2013-12-20T03:00:00","date_gmt":"2013-12-20T02:00:00","guid":{"rendered":"http:\/\/sven-ove.nu\/?p=7807"},"modified":"2013-12-20T05:56:33","modified_gmt":"2013-12-20T04:56:33","slug":"god-jul","status":"publish","type":"post","link":"https:\/\/sven-ove.nu\/?p=7807","title":{"rendered":"\u00c4t \u00e5 m\u00e5 g\u00f4tt n\u00f6"},"content":{"rendered":"<h2><a href=\"https:\/\/sven-ove.nu\/wp-content\/uploads\/2013\/12\/F\u00e5gelmataren.jpg\"><img loading=\"lazy\" decoding=\"async\" class=\"size-medium wp-image-7808 alignright\" alt=\"F\u00e5gelmataren\" src=\"https:\/\/sven-ove.nu\/wp-content\/uploads\/2013\/12\/F\u00e5gelmataren-189x300.jpg\" width=\"189\" height=\"300\" srcset=\"https:\/\/sven-ove.nu\/wp-content\/uploads\/2013\/12\/F\u00e5gelmataren-189x300.jpg 189w, https:\/\/sven-ove.nu\/wp-content\/uploads\/2013\/12\/F\u00e5gelmataren-647x1024.jpg 647w, https:\/\/sven-ove.nu\/wp-content\/uploads\/2013\/12\/F\u00e5gelmataren.jpg 1012w\" sizes=\"auto, (max-width: 189px) 100vw, 189px\" \/><\/a>God Jul!<br \/>\nTrevlig midvinter!<\/h2>\n<p><a href=\"http:\/\/www.youtube.com\/watch?v=c8f-UGBb0kA\">Sn\u00f6n faller och vi med den<br \/>\n<\/a><a href=\"http:\/\/www.youtube.com\/watch?v=wWOCFRtXuqU\">Stilla Natt<br \/>\n<\/a><a href=\"http:\/\/www.youtube.com\/watch?v=4GEPrBb5VkE\">Men bara om min \u00e4lskade v\u00e4ntar<\/a><\/p>\n<p>\u2026 och god forts\u00e4ttning<br \/>\n\u00f6nskas b\u00e5de f\u00e5glar och annat l\u00f6st folk.<\/p>\n","protected":false},"excerpt":{"rendered":"<p>God Jul! Trevlig midvinter! Sn\u00f6n faller och vi med den Stilla Natt Men bara om min \u00e4lskade v\u00e4ntar \u2026 och god forts\u00e4ttning \u00f6nskas b\u00e5de f\u00e5glar och annat l\u00f6st folk.<\/p>\n","protected":false},"author":1,"featured_media":0,"comment_status":"open","ping_status":"open","sticky":false,"template":"","format":"standard","meta":{"_crdt_document":"","_monsterinsights_skip_tracking":false,"_monsterinsights_sitenote_active":false,"_monsterinsights_sitenote_note":"","_monsterinsights_sitenote_category":0,"footnotes":""},"categories":[10],"tags":[8,24],"class_list":["post-7807","post","type-post","status-publish","format-standard","hentry","category-familjen","tag-historia","tag-karlek"],"_links":{"self":[{"href":"https:\/\/sven-ove.nu\/index.php?rest_route=\/wp\/v2\/posts\/7807","targetHints":{"allow":["GET"]}}],"collection":[{"href":"https:\/\/sven-ove.nu\/index.php?rest_route=\/wp\/v2\/posts"}],"about":[{"href":"https:\/\/sven-ove.nu\/index.php?rest_route=\/wp\/v2\/types\/post"}],"author":[{"embeddable":true,"href":"https:\/\/sven-ove.nu\/index.php?rest_route=\/wp\/v2\/users\/1"}],"replies":[{"embeddable":true,"href":"https:\/\/sven-ove.nu\/index.php?rest_route=%2Fwp%2Fv2%2Fcomments&post=7807"}],"version-history":[{"count":8,"href":"https:\/\/sven-ove.nu\/index.php?rest_route=\/wp\/v2\/posts\/7807\/revisions"}],"predecessor-version":[{"id":7879,"href":"https:\/\/sven-ove.nu\/index.php?rest_route=\/wp\/v2\/posts\/7807\/revisions\/7879"}],"wp:attachment":[{"href":"https:\/\/sven-ove.nu\/index.php?rest_route=%2Fwp%2Fv2%2Fmedia&parent=7807"}],"wp:term":[{"taxonomy":"category","embeddable":true,"href":"https:\/\/sven-ove.nu\/index.php?rest_route=%2Fwp%2Fv2%2Fcategories&post=7807"},{"taxonomy":"post_tag","embeddable":true,"href":"https:\/\/sven-ove.nu\/index.php?rest_route=%2Fwp%2Fv2%2Ftags&post=7807"}],"curies":[{"name":"wp","href":"https:\/\/api.w.org\/{rel}","templated":true}]}}