{"id":7851,"date":"2013-12-19T03:00:33","date_gmt":"2013-12-19T02:00:33","guid":{"rendered":"http:\/\/sven-ove.nu\/?p=7851"},"modified":"2013-12-18T22:15:03","modified_gmt":"2013-12-18T21:15:03","slug":"dags-att-bara-bilder","status":"publish","type":"post","link":"https:\/\/sven-ove.nu\/?p=7851","title":{"rendered":"Dags att b\u00e4ra bilder"},"content":{"rendered":"<p><a href=\"https:\/\/sven-ove.nu\/wp-content\/uploads\/2013\/12\/Tomten-kommer1.jpg\"><img loading=\"lazy\" decoding=\"async\" class=\"size-large wp-image-7858 alignleft\" alt=\"Tomten kommer\" src=\"https:\/\/sven-ove.nu\/wp-content\/uploads\/2013\/12\/Tomten-kommer1-1024x292.jpg\" width=\"640\" height=\"182\" srcset=\"https:\/\/sven-ove.nu\/wp-content\/uploads\/2013\/12\/Tomten-kommer1-1024x292.jpg 1024w, https:\/\/sven-ove.nu\/wp-content\/uploads\/2013\/12\/Tomten-kommer1-300x85.jpg 300w\" sizes=\"auto, (max-width: 640px) 100vw, 640px\" \/><\/a><\/p>\n<p>Om du skrev regelbundna kr\u00f6nikor p\u00e5 en webbplats som handlade om land och stad, vad skulle du skriva om d\u00e5, ifall din senaste kr\u00f6nika skulle l\u00e4ggas ut l\u00e5t s\u00e4ga n\u00e5gra dagar f\u00f6re jul? Jag skriver om en blind.<\/p>\n<p style=\"padding-left: 30px;\"><i>Min senaste kr\u00f6nika p\u00e5 Tankesmedjan Ida:<br \/>\n<\/i><a href=\"http:\/\/tankesmedjanida.se\/?chronicle=det-ar-bilder-vi-bar-in-i-december\"><i>Det \u00e4r bilder vi b\u00e4r in i december<\/i><\/a><i>.<\/i><\/p>\n","protected":false},"excerpt":{"rendered":"<p>Om du skrev regelbundna kr\u00f6nikor p\u00e5 en webbplats som handlade om land och stad, vad skulle du skriva om d\u00e5, ifall din senaste kr\u00f6nika skulle l\u00e4ggas ut l\u00e5t s\u00e4ga n\u00e5gra dagar f\u00f6re jul? Jag skriver om en blind. Min senaste kr\u00f6nika p\u00e5 Tankesmedjan Ida: Det \u00e4r bilder vi b\u00e4r in i december.<\/p>\n","protected":false},"author":1,"featured_media":0,"comment_status":"open","ping_status":"open","sticky":false,"template":"","format":"standard","meta":{"_crdt_document":"","_monsterinsights_skip_tracking":false,"_monsterinsights_sitenote_active":false,"_monsterinsights_sitenote_note":"","_monsterinsights_sitenote_category":0,"footnotes":""},"categories":[10,4],"tags":[8,24,14],"class_list":["post-7851","post","type-post","status-publish","format-standard","hentry","category-familjen","category-skrivande","tag-historia","tag-karlek","tag-lasning"],"_links":{"self":[{"href":"https:\/\/sven-ove.nu\/index.php?rest_route=\/wp\/v2\/posts\/7851","targetHints":{"allow":["GET"]}}],"collection":[{"href":"https:\/\/sven-ove.nu\/index.php?rest_route=\/wp\/v2\/posts"}],"about":[{"href":"https:\/\/sven-ove.nu\/index.php?rest_route=\/wp\/v2\/types\/post"}],"author":[{"embeddable":true,"href":"https:\/\/sven-ove.nu\/index.php?rest_route=\/wp\/v2\/users\/1"}],"replies":[{"embeddable":true,"href":"https:\/\/sven-ove.nu\/index.php?rest_route=%2Fwp%2Fv2%2Fcomments&post=7851"}],"version-history":[{"count":5,"href":"https:\/\/sven-ove.nu\/index.php?rest_route=\/wp\/v2\/posts\/7851\/revisions"}],"predecessor-version":[{"id":7859,"href":"https:\/\/sven-ove.nu\/index.php?rest_route=\/wp\/v2\/posts\/7851\/revisions\/7859"}],"wp:attachment":[{"href":"https:\/\/sven-ove.nu\/index.php?rest_route=%2Fwp%2Fv2%2Fmedia&parent=7851"}],"wp:term":[{"taxonomy":"category","embeddable":true,"href":"https:\/\/sven-ove.nu\/index.php?rest_route=%2Fwp%2Fv2%2Fcategories&post=7851"},{"taxonomy":"post_tag","embeddable":true,"href":"https:\/\/sven-ove.nu\/index.php?rest_route=%2Fwp%2Fv2%2Ftags&post=7851"}],"curies":[{"name":"wp","href":"https:\/\/api.w.org\/{rel}","templated":true}]}}