{"id":7870,"date":"2013-12-27T03:00:37","date_gmt":"2013-12-27T02:00:37","guid":{"rendered":"http:\/\/sven-ove.nu\/?p=7870"},"modified":"2014-11-18T23:50:38","modified_gmt":"2014-11-18T22:50:38","slug":"ett-ar-till","status":"publish","type":"post","link":"https:\/\/sven-ove.nu\/?p=7870","title":{"rendered":"Ett \u00e5r till"},"content":{"rendered":"<p><a href=\"https:\/\/sven-ove.nu\/wp-content\/uploads\/2013\/12\/Anslag.jpg\"><img loading=\"lazy\" decoding=\"async\" class=\"alignright size-large wp-image-7871\" src=\"https:\/\/sven-ove.nu\/wp-content\/uploads\/2013\/12\/Anslag-1024x268.jpg\" alt=\"Anslag\" width=\"640\" height=\"167\" srcset=\"https:\/\/sven-ove.nu\/wp-content\/uploads\/2013\/12\/Anslag-1024x268.jpg 1024w, https:\/\/sven-ove.nu\/wp-content\/uploads\/2013\/12\/Anslag-300x78.jpg 300w\" sizes=\"auto, (max-width: 640px) 100vw, 640px\" \/><\/a><\/p>\n<p>Bloggaren ber att f\u00e5 \u00f6nska varenda bes\u00f6kare ett gott slut p\u00e5 2013 och en lugn och fin b\u00f6rjan p\u00e5 2014. H\u00e4r \u00e4r min traditionella lista. N\u00e5gra inl\u00e4gg som fick m\u00e5nga bes\u00f6k under \u00e5ret.<\/p>\n<p><span style=\"color: #000000;\"><b>K\u00e4mpade f\u00f6r sin bygd<\/b><\/span>. Ett par dagar hade jag fler l\u00e4sare i Munkfors med omnejd \u00e4n b\u00e5de V\u00e4rmlands Folkblad och Nya Wermlands-Tidningen. Munkforsborna \u00e4r fantastiska.<br \/>\n<a href=\"https:\/\/sven-ove.nu\/?p=7079\">Munkfors sak \u00e4r v\u00e5r \u2013 N\u00e4r r\u00e4tten att r\u00f6sta kostar pengar<\/a><\/p>\n<p><strong>25 teser om att springa.<\/strong> F\u00f6rsta avsnittet p\u00e5 en serie om vad jag l\u00e4rt om motionsl\u00f6pning.\u00a0<a href=\"https:\/\/sven-ove.nu\/?page_id=6210\">L\u00f6parl\u00e4rdom nr 1-25<\/a><\/p>\n<p><strong>De kloka stinnerbommarna.<\/strong> En arbetskamrat ber\u00e4ttade att V\u00e4stan\u00e5 Teater har en publikskola. Det blev en serie v\u00e4ldigt l\u00e4rorika resor till Sunne. H\u00e4r \u00e4r en av rapporterna.<br \/>\n<a href=\"https:\/\/sven-ove.nu\/?p=5610\">Sveriges f\u00f6rsta v\u00e4rstingresa<\/a><\/p>\n<p><strong>Lektionen jag f\u00f6rst\u00f6rde.<\/strong> B\u00e4ttre betyg har jag aldrig f\u00e5tt, inget roligare heller.<br \/>\n<a href=\"https:\/\/sven-ove.nu\/?p=7529\">\u201dDet skulle komma en liten gubbe\u201d<\/a><\/p>\n<p><strong>Den farlige norsken.<\/strong> Ibland blir jag arg. Att ge bort sin heder till en fr\u00e4mlingsfientlig var inte det smartaste Karlstads universitet har gjort.\u00a0<a href=\"https:\/\/sven-ove.nu\/?p=6965\">Va\u2019 k\u00f4ster en doktorshatt?<\/a><\/p>\n<p><strong>Viktor Roots b\u00e4sta bantningstips.<\/strong> Bilden som folk har p\u00e5 sina kylsk\u00e5p, ber\u00e4ttar de.<br \/>\n<a href=\"https:\/\/sven-ove.nu\/?page_id=7047\">24:7-dieten.<\/a><\/p>\n<p style=\"padding-left: 30px;\"><i><strong><a href=\"https:\/\/sven-ove.nu\/wp-content\/uploads\/2013\/11\/Elden.jpg\"><img loading=\"lazy\" decoding=\"async\" class=\"size-thumbnail wp-image-7570 alignleft\" src=\"https:\/\/sven-ove.nu\/wp-content\/uploads\/2013\/11\/Elden-150x150.jpg\" alt=\"Elden\" width=\"150\" height=\"150\" \/><\/a>Ingen succ\u00e9.<\/strong> Den h\u00e4r snutten var jag v\u00e4ldigt n\u00f6jd med, men det hj\u00e4lpte inte:\u00a0<\/i><i><a href=\"https:\/\/sven-ove.nu\/?p=4488\">Kort sagt<\/a><\/i><\/p>\n<p><strong>Tack f\u00f6r i \u00e5r, du som bes\u00f6ker Svenssons sl\u00e4ng. Jag \u00e4r glad att du finns, annars fick jag sitta i min ensamhet och skriva f\u00f6r h\u00e5rddisken.\u00a0<\/strong><\/p>\n<p style=\"padding-left: 30px;\"><strong>Tack \u00e4ven f\u00f6r nyttiga mothugg. Jag tror ju inte att jag alltid har r\u00e4tt.<\/strong><\/p>\n","protected":false},"excerpt":{"rendered":"<p>Bloggaren ber att f\u00e5 \u00f6nska varenda bes\u00f6kare ett gott slut p\u00e5 2013 och en lugn och fin b\u00f6rjan p\u00e5 2014. H\u00e4r \u00e4r min traditionella lista. N\u00e5gra inl\u00e4gg som fick m\u00e5nga bes\u00f6k under \u00e5ret. K\u00e4mpade f\u00f6r sin bygd. Ett par dagar hade jag fler l\u00e4sare i Munkfors med omnejd \u00e4n b\u00e5de V\u00e4rmlands Folkblad och Nya Wermlands-Tidningen. &hellip; <a href=\"https:\/\/sven-ove.nu\/?p=7870\" class=\"more-link\">Forts\u00e4tt l\u00e4sa <span class=\"screen-reader-text\">Ett \u00e5r till<\/span><\/a><\/p>\n","protected":false},"author":1,"featured_media":0,"comment_status":"open","ping_status":"open","sticky":false,"template":"","format":"standard","meta":{"_crdt_document":"","_monsterinsights_skip_tracking":false,"_monsterinsights_sitenote_active":false,"_monsterinsights_sitenote_note":"","_monsterinsights_sitenote_category":0,"footnotes":""},"categories":[4,11],"tags":[24],"class_list":["post-7870","post","type-post","status-publish","format-standard","hentry","category-skrivande","category-viktor-root","tag-karlek"],"_links":{"self":[{"href":"https:\/\/sven-ove.nu\/index.php?rest_route=\/wp\/v2\/posts\/7870","targetHints":{"allow":["GET"]}}],"collection":[{"href":"https:\/\/sven-ove.nu\/index.php?rest_route=\/wp\/v2\/posts"}],"about":[{"href":"https:\/\/sven-ove.nu\/index.php?rest_route=\/wp\/v2\/types\/post"}],"author":[{"embeddable":true,"href":"https:\/\/sven-ove.nu\/index.php?rest_route=\/wp\/v2\/users\/1"}],"replies":[{"embeddable":true,"href":"https:\/\/sven-ove.nu\/index.php?rest_route=%2Fwp%2Fv2%2Fcomments&post=7870"}],"version-history":[{"count":9,"href":"https:\/\/sven-ove.nu\/index.php?rest_route=\/wp\/v2\/posts\/7870\/revisions"}],"predecessor-version":[{"id":10060,"href":"https:\/\/sven-ove.nu\/index.php?rest_route=\/wp\/v2\/posts\/7870\/revisions\/10060"}],"wp:attachment":[{"href":"https:\/\/sven-ove.nu\/index.php?rest_route=%2Fwp%2Fv2%2Fmedia&parent=7870"}],"wp:term":[{"taxonomy":"category","embeddable":true,"href":"https:\/\/sven-ove.nu\/index.php?rest_route=%2Fwp%2Fv2%2Fcategories&post=7870"},{"taxonomy":"post_tag","embeddable":true,"href":"https:\/\/sven-ove.nu\/index.php?rest_route=%2Fwp%2Fv2%2Ftags&post=7870"}],"curies":[{"name":"wp","href":"https:\/\/api.w.org\/{rel}","templated":true}]}}