{"id":7881,"date":"2013-12-26T03:00:39","date_gmt":"2013-12-26T02:00:39","guid":{"rendered":"http:\/\/sven-ove.nu\/?p=7881"},"modified":"2017-12-26T11:52:47","modified_gmt":"2017-12-26T10:52:47","slug":"annars-ar-man-bara-en-liten-lort","status":"publish","type":"post","link":"https:\/\/sven-ove.nu\/?p=7881","title":{"rendered":"Annars \u00e4r man bara en liten lort"},"content":{"rendered":"<p><a href=\"https:\/\/sven-ove.nu\/wp-content\/uploads\/2013\/12\/Say-no.jpg\"><img loading=\"lazy\" decoding=\"async\" class=\"alignright size-full wp-image-7912\" src=\"https:\/\/sven-ove.nu\/wp-content\/uploads\/2013\/12\/Say-no.jpg\" alt=\"Say no\" width=\"960\" height=\"461\" srcset=\"https:\/\/sven-ove.nu\/wp-content\/uploads\/2013\/12\/Say-no.jpg 960w, https:\/\/sven-ove.nu\/wp-content\/uploads\/2013\/12\/Say-no-300x144.jpg 300w\" sizes=\"auto, (max-width: 960px) 100vw, 960px\" \/><\/a><\/p>\n<p>F\u00f6rst t\u00e4nkte jag skriva ett l\u00e5ngt inl\u00e4gg h\u00e4r. Det skulle handla om att vara m\u00e4nniska.<\/p>\n<p>Om att vi alla \u00e4r lika mycket v\u00e4rda, vad vi \u00e4n har f\u00f6r f\u00e4rg p\u00e5 skinnet.<\/p>\n<p style=\"padding-left: 30px;\"><strong>Om min resa till det nazistiska f\u00f6rintelsel\u00e4gret Auschwitz och hur jag stod d\u00e4r med t\u00e5rar i \u00f6gonen inf\u00f6r en v\u00e4ska. Den var en av m\u00e5nga hundra resv\u00e4skor i en j\u00e4ttestor monter med v\u00e4skor som de som lurats till l\u00e4gret hade tagit med sig. \u201dKlara\u201d stod det med vit krita p\u00e5 ena sidan. N\u00e5got \u00e5r tidigare hade min dotter Klara st\u00e5tt precis d\u00e4r med sin skolklass och tittat p\u00e5 precis samma v\u00e4ska, t\u00e4nkt precis samma tanke och gr\u00e5tit precis samma t\u00e5rar.<\/strong><\/p>\n<p>Om min farmor. Hon som t\u00e4nkte som Klara och jag och tog emot krigsbarn till g\u00e5rden vid Jakobsberg utanf\u00f6r Karlstad. \u201dDet kunde ha varit vi\u201d.<\/p>\n<p>Om det som Astrid Lindgren skriver om i Br\u00f6derna Lejonhj\u00e4rta. Det finns saker man m\u00e5ste g\u00f6ra, \u201dannars \u00e4r man ingen m\u00e4nniska utan bara en liten lort\u201d.<\/p>\n<p>Om att jag vill l\u00e4mna \u00f6ver Sverige och jordklotet i ett b\u00e4ttre skick till mina barn och barnbarn och allt annat folk.<\/p>\n<p><b>Klockan 12 i Museiparken<br \/>\n<\/b>Allt detta t\u00e4nkte jag skriva en l\u00e5ng text om. Det beh\u00f6vs inte. Allt \u00e4r s\u00e5 sj\u00e4lvklart eller borde vara det. Vi \u00e4r lika mycket v\u00e4rda. Vi beh\u00f6vs varenda en. M\u00e5ngfalden berikar, \u00e4r du r\u00e4dd f\u00f6r fr\u00e4mlingar f\u00f6rminskar det b\u00e5de dig och samh\u00e4llet.<\/p>\n<p>Detta skriver jag inte f\u00f6r att vara gullig. Att bek\u00e4mpa rasismen \u00e4r ingen gullegrej. Det \u00e4r ett tydligt politiskt st\u00e4llningstagande, d\u00e4r enhetsfronten \u00e4r b\u00e5de stor och bred, det har vi sett de senaste dagarna.<\/p>\n<p><b>Kom med du ocks\u00e5 p\u00e5 s\u00f6ndag den 29 december om du kan. Samlingen sker i Museiparken i Karlstad klockan 12.00. Kan du inte delta, s\u00e5 g\u00e5 g\u00e4rna in p\u00e5 <span style=\"color: #0000ff;\"><a style=\"color: #0000ff;\" href=\"https:\/\/www.facebook.com\/events\/710068509003934\/\">facebooksidan<\/a><\/span> och gilla.\u00a0<\/b><b>H\u00e4r \u00e4r en <span style=\"color: #0000ff;\"><a style=\"color: #0000ff;\" href=\"https:\/\/www.facebook.com\/groups\/frontmotrasism\/\" target=\"_blank\" rel=\"noopener noreferrer\">facebookgrupp<\/a><\/span> f\u00f6r hela landet ocks\u00e5, loggan ovan \u00e4r den gruppens.<\/b><\/p>\n<p style=\"padding-left: 30px;\"><i>F\u00f6rst kom de f\u00f6r att h\u00e4mta judarna<br \/>\n<\/i><i>men jag h\u00f6jde inte min r\u00f6st<br \/>\n<\/i><i>f\u00f6r jag var inte jude.<br \/>\n<\/i><i>Sedan kom de f\u00f6r att h\u00e4mta kommunisterna<br \/>\n<\/i><i>men jag h\u00f6jde inte min r\u00f6st<br \/>\n<\/i><i>f\u00f6r jag var inte kommunist.<br \/>\n<\/i><i>Sedan kom de f\u00f6r att h\u00e4mta fackf\u00f6reningsfolket<br \/>\n<\/i><i>men jag h\u00f6jde inte min r\u00f6st<br \/>\n<\/i><i>f\u00f6r jag tillh\u00f6rde ingen fackf\u00f6rening.<br \/>\n<\/i><i>Sedan kom de f\u00f6r att h\u00e4mta mig<br \/>\n<\/i><i>och d\u00e5 fanns ingen kvar<br \/>\n<\/i><i>som kunde tala f\u00f6r mig.<\/i><i>\u00a0<\/i><\/p>\n<p style=\"padding-left: 30px;\"><b><i>Martin Niem\u00f6ller<\/i><\/b><\/p>\n","protected":false},"excerpt":{"rendered":"<p>F\u00f6rst t\u00e4nkte jag skriva ett l\u00e5ngt inl\u00e4gg h\u00e4r. Det skulle handla om att vara m\u00e4nniska. Om att vi alla \u00e4r lika mycket v\u00e4rda, vad vi \u00e4n har f\u00f6r f\u00e4rg p\u00e5 skinnet. Om min resa till det nazistiska f\u00f6rintelsel\u00e4gret Auschwitz och hur jag stod d\u00e4r med t\u00e5rar i \u00f6gonen inf\u00f6r en v\u00e4ska. Den var en av &hellip; <a href=\"https:\/\/sven-ove.nu\/?p=7881\" class=\"more-link\">Forts\u00e4tt l\u00e4sa <span class=\"screen-reader-text\">Annars \u00e4r man bara en liten lort<\/span><\/a><\/p>\n","protected":false},"author":1,"featured_media":0,"comment_status":"open","ping_status":"open","sticky":false,"template":"","format":"standard","meta":{"_crdt_document":"","_monsterinsights_skip_tracking":false,"_monsterinsights_sitenote_active":false,"_monsterinsights_sitenote_note":"","_monsterinsights_sitenote_category":0,"footnotes":""},"categories":[10,9,4],"tags":[8,24,18,17],"class_list":["post-7881","post","type-post","status-publish","format-standard","hentry","category-familjen","category-politik","category-skrivande","tag-historia","tag-karlek","tag-lardomar","tag-solidaritet"],"_links":{"self":[{"href":"https:\/\/sven-ove.nu\/index.php?rest_route=\/wp\/v2\/posts\/7881","targetHints":{"allow":["GET"]}}],"collection":[{"href":"https:\/\/sven-ove.nu\/index.php?rest_route=\/wp\/v2\/posts"}],"about":[{"href":"https:\/\/sven-ove.nu\/index.php?rest_route=\/wp\/v2\/types\/post"}],"author":[{"embeddable":true,"href":"https:\/\/sven-ove.nu\/index.php?rest_route=\/wp\/v2\/users\/1"}],"replies":[{"embeddable":true,"href":"https:\/\/sven-ove.nu\/index.php?rest_route=%2Fwp%2Fv2%2Fcomments&post=7881"}],"version-history":[{"count":11,"href":"https:\/\/sven-ove.nu\/index.php?rest_route=\/wp\/v2\/posts\/7881\/revisions"}],"predecessor-version":[{"id":18981,"href":"https:\/\/sven-ove.nu\/index.php?rest_route=\/wp\/v2\/posts\/7881\/revisions\/18981"}],"wp:attachment":[{"href":"https:\/\/sven-ove.nu\/index.php?rest_route=%2Fwp%2Fv2%2Fmedia&parent=7881"}],"wp:term":[{"taxonomy":"category","embeddable":true,"href":"https:\/\/sven-ove.nu\/index.php?rest_route=%2Fwp%2Fv2%2Fcategories&post=7881"},{"taxonomy":"post_tag","embeddable":true,"href":"https:\/\/sven-ove.nu\/index.php?rest_route=%2Fwp%2Fv2%2Ftags&post=7881"}],"curies":[{"name":"wp","href":"https:\/\/api.w.org\/{rel}","templated":true}]}}