{"id":7892,"date":"2013-12-25T09:39:01","date_gmt":"2013-12-25T08:39:01","guid":{"rendered":"http:\/\/sven-ove.nu\/?p=7892"},"modified":"2013-12-25T09:39:49","modified_gmt":"2013-12-25T08:39:49","slug":"juldag-och-skorna-langtar-ut","status":"publish","type":"post","link":"https:\/\/sven-ove.nu\/?p=7892","title":{"rendered":"Juldag och skorna l\u00e4ngtar ut"},"content":{"rendered":"<p>Juldag. Vid d\u00f6rren st\u00e5r l\u00f6parskorna och trampar. Inte vet jag om Werner Aspenstr\u00f6m sprang men han har likafullt skrivit den b\u00e4sta dikten om l\u00f6plust. Bry dig inte om att han n\u00e4mner tr\u00e4skor och \u00e5ska. Dikten handlar om vad vi l\u00f6pare k\u00e4nner en vanlig juldag:<\/p>\n<p style=\"padding-left: 30px;\"><b><i><a href=\"https:\/\/sven-ove.nu\/wp-content\/uploads\/2013\/12\/Skor-l\u00e4ngtar-ut.jpg\"><img loading=\"lazy\" decoding=\"async\" class=\"alignright size-medium wp-image-7895\" alt=\"Skor l\u00e4ngtar ut\" src=\"https:\/\/sven-ove.nu\/wp-content\/uploads\/2013\/12\/Skor-l\u00e4ngtar-ut-227x300.jpg\" width=\"227\" height=\"300\" srcset=\"https:\/\/sven-ove.nu\/wp-content\/uploads\/2013\/12\/Skor-l\u00e4ngtar-ut-227x300.jpg 227w, https:\/\/sven-ove.nu\/wp-content\/uploads\/2013\/12\/Skor-l\u00e4ngtar-ut-776x1024.jpg 776w, https:\/\/sven-ove.nu\/wp-content\/uploads\/2013\/12\/Skor-l\u00e4ngtar-ut.jpg 989w\" sizes=\"auto, (max-width: 227px) 100vw, 227px\" \/><\/a>Skor l\u00e4ngtar ut<\/i><\/b><i><br \/>\nNyss \u00e5skade det.<br \/>\nNu har det upph\u00f6rt.<br \/>\nHund h\u00e5ller jag inte.<br \/>\nMen tr\u00e4skor.<br \/>\nDe st\u00e5r vid d\u00f6rren<br \/>\noch sk\u00e4ller.<\/i><\/p>\n<p>Resten f\u00e5r du t\u00e4nka dig sj\u00e4lv, f\u00f6r nu tar jag med mig de svartgr\u00f6na och ger mig ut. Jag tror det blir en trivsam runda. Jag tror skorna kommer att knarra muntert mot den vita svala sn\u00f6n. En n\u00f6tskrika flyger f\u00f6rbi i kanten av \u00e4ngen, vid Sisug\u00e5rdens bussh\u00e5llplats f\u00f6rs\u00f6ker en hackspett f\u00e5 n\u00e5got matnyttigt ur en grankotte som han kilat fast i en grenklyka och ur min mun str\u00f6mmar vit lugn andedr\u00e4kt. Kylan smeker kinden f\u00f6rsiktigt. Knarr, knarr, knarr, f\u00f6tterna k\u00e4nns som om de nyss har g\u00e5tt kurs i mindfulness f\u00f6r lastgamla springare. Nu har de full koncentration p\u00e5 min l\u00f6pning, b\u00e5da har sin uppm\u00e4rksamhet helt inriktad p\u00e5 en punkt mitt i hj\u00e4rnans allra v\u00e4rsta heta bel\u00f6ningscentrum.<\/p>\n<p style=\"padding-left: 30px;\"><strong>Knarr, knarr, knarr mot den vita sn\u00f6n. Vit andedr\u00e4kt, sa jag det? Fingrarna fryser n\u00e5got lite, n\u00e4mnde jag det? \u00d6gonen rinner en aning men gl\u00e4ds \u00e5t att allt blev s\u00e5 ljust\u2026<\/strong><\/p>\n<p><b>Bara fantasi<br \/>\n<\/b>\u2026nej visst nej, vi har ingen sn\u00f6 nej, ingen frusen andedr\u00e4kt heller. Grossbolstorp \u00e4r h\u00f6stgr\u00e5tt och termometern stod p\u00e5 fem grader plus n\u00e4r jag stack ut.<\/p>\n<p>Det f\u00e5r g\u00e5 \u00e4nd\u00e5. En h\u00f6strunda i juletid har sin tjusning den med.<br \/>\nSkorna luktar grus och lycka.<\/p>\n","protected":false},"excerpt":{"rendered":"<p>Juldag. Vid d\u00f6rren st\u00e5r l\u00f6parskorna och trampar. Inte vet jag om Werner Aspenstr\u00f6m sprang men han har likafullt skrivit den b\u00e4sta dikten om l\u00f6plust. Bry dig inte om att han n\u00e4mner tr\u00e4skor och \u00e5ska. Dikten handlar om vad vi l\u00f6pare k\u00e4nner en vanlig juldag: Skor l\u00e4ngtar ut Nyss \u00e5skade det. Nu har det upph\u00f6rt. Hund &hellip; <a href=\"https:\/\/sven-ove.nu\/?p=7892\" class=\"more-link\">Forts\u00e4tt l\u00e4sa <span class=\"screen-reader-text\">Juldag och skorna l\u00e4ngtar ut<\/span><\/a><\/p>\n","protected":false},"author":1,"featured_media":0,"comment_status":"open","ping_status":"open","sticky":false,"template":"","format":"standard","meta":{"_crdt_document":"","_monsterinsights_skip_tracking":false,"_monsterinsights_sitenote_active":false,"_monsterinsights_sitenote_note":"","_monsterinsights_sitenote_category":0,"footnotes":""},"categories":[5,6,4],"tags":[24,13],"class_list":["post-7892","post","type-post","status-publish","format-standard","hentry","category-lopning","category-natur","category-skrivande","tag-karlek","tag-utrustning"],"_links":{"self":[{"href":"https:\/\/sven-ove.nu\/index.php?rest_route=\/wp\/v2\/posts\/7892","targetHints":{"allow":["GET"]}}],"collection":[{"href":"https:\/\/sven-ove.nu\/index.php?rest_route=\/wp\/v2\/posts"}],"about":[{"href":"https:\/\/sven-ove.nu\/index.php?rest_route=\/wp\/v2\/types\/post"}],"author":[{"embeddable":true,"href":"https:\/\/sven-ove.nu\/index.php?rest_route=\/wp\/v2\/users\/1"}],"replies":[{"embeddable":true,"href":"https:\/\/sven-ove.nu\/index.php?rest_route=%2Fwp%2Fv2%2Fcomments&post=7892"}],"version-history":[{"count":8,"href":"https:\/\/sven-ove.nu\/index.php?rest_route=\/wp\/v2\/posts\/7892\/revisions"}],"predecessor-version":[{"id":7923,"href":"https:\/\/sven-ove.nu\/index.php?rest_route=\/wp\/v2\/posts\/7892\/revisions\/7923"}],"wp:attachment":[{"href":"https:\/\/sven-ove.nu\/index.php?rest_route=%2Fwp%2Fv2%2Fmedia&parent=7892"}],"wp:term":[{"taxonomy":"category","embeddable":true,"href":"https:\/\/sven-ove.nu\/index.php?rest_route=%2Fwp%2Fv2%2Fcategories&post=7892"},{"taxonomy":"post_tag","embeddable":true,"href":"https:\/\/sven-ove.nu\/index.php?rest_route=%2Fwp%2Fv2%2Ftags&post=7892"}],"curies":[{"name":"wp","href":"https:\/\/api.w.org\/{rel}","templated":true}]}}