{"id":7950,"date":"2013-12-29T14:21:05","date_gmt":"2013-12-29T13:21:05","guid":{"rendered":"http:\/\/sven-ove.nu\/?p=7950"},"modified":"2017-12-18T17:07:37","modified_gmt":"2017-12-18T16:07:37","slug":"en-varmare-plats-pa-klotet","status":"publish","type":"post","link":"https:\/\/sven-ove.nu\/?p=7950","title":{"rendered":"En varmare plats p\u00e5 klotet"},"content":{"rendered":"<p><a href=\"https:\/\/sven-ove.nu\/wp-content\/uploads\/2013\/12\/Karlstad-hj\u00e4rta-K\u00e4rrtorp.jpg\"><img loading=\"lazy\" decoding=\"async\" class=\"alignright size-large wp-image-7951\" src=\"https:\/\/sven-ove.nu\/wp-content\/uploads\/2013\/12\/Karlstad-hj\u00e4rta-K\u00e4rrtorp-1024x768.jpg\" alt=\"Karlstad hj\u00e4rta K\u00e4rrtorp\" width=\"640\" height=\"480\" srcset=\"https:\/\/sven-ove.nu\/wp-content\/uploads\/2013\/12\/Karlstad-hj\u00e4rta-K\u00e4rrtorp-1024x768.jpg 1024w, https:\/\/sven-ove.nu\/wp-content\/uploads\/2013\/12\/Karlstad-hj\u00e4rta-K\u00e4rrtorp-300x225.jpg 300w, https:\/\/sven-ove.nu\/wp-content\/uploads\/2013\/12\/Karlstad-hj\u00e4rta-K\u00e4rrtorp.jpg 1600w\" sizes=\"auto, (max-width: 640px) 100vw, 640px\" \/><\/a><\/p>\n<p>Du kan g\u00f6ra mycket via internet. I g\u00e5r kv\u00e4ll n\u00e4r jag tittade var det till exempel 2 198 personer som tackat ja p\u00e5 facebook till att <span style=\"color: #0000ff;\"><a style=\"color: #0000ff;\" href=\"https:\/\/www.facebook.com\/events\/710068509003934\/?fref=ts\">manifestera i Karlstad i dag<\/a><\/span>, f\u00f6r m\u00e5ngfald och mot rasism.<\/p>\n<p>Bra.<\/p>\n<p>I dag var vi \u00e4nnu tusen till som tr\u00e4ffades i Museiparken och gjorde det i verkliga livet. <span style=\"color: #000000;\">Manifesterade.<\/span><\/p>\n<p>\u00c4nnu b\u00e4ttre.<\/p>\n<p style=\"padding-left: 30px;\"><b>Lika mycket v\u00e4rda<br \/>\n<\/b><i>Alla m\u00e4nniskor \u00e4r f\u00f6dda fria och lika i v\u00e4rde och r\u00e4ttigheter. De har utrustats med f\u00f6rnuft och samvete och b\u00f6r handla gentemot varandra i en anda av gemenskap.<\/i><\/p>\n<p style=\"padding-left: 30px;\"><i>Var och en har r\u00e4tt till \u00e5siktsfrihet och yttrandefrihet. Denna r\u00e4tt innefattar frihet att utan ingripande hysa \u00e5sikter samt s\u00f6ka, ta emot och sprida information och id\u00e9er med hj\u00e4lp av alla uttrycksmedel och oberoende av gr\u00e4nser. *<\/i><\/p>\n<p><b>Hela paletten<br \/>\n<\/b>Tack, ni som ordnade, tack alla ni som deltog och ni p\u00e5 l\u00e5ngt h\u00e5ll som h\u00e4lsade att ni var med oss i tankarna. I dag blev V\u00e4rmland en varmare, m\u00e4nskligare och mer <span style=\"color: #0000ff;\"><a style=\"color: #0000ff;\" href=\"https:\/\/sven-ove.nu\/?page_id=100\">solidarisk<\/a><\/span> <a href=\"https:\/\/sven-ove.nu\/wp-content\/uploads\/2013\/12\/Kritor.jpg\"><img loading=\"lazy\" decoding=\"async\" class=\"alignright size-thumbnail wp-image-7952\" src=\"https:\/\/sven-ove.nu\/wp-content\/uploads\/2013\/12\/Kritor-150x150.jpg\" alt=\"Kritor\" width=\"150\" height=\"150\" \/><\/a>plats p\u00e5 jordklotet. En som det kr\u00e4vs hela paletten f\u00f6r att m\u00e5la.<\/p>\n<p>G\u00f4tt.<\/p>\n<p style=\"padding-left: 30px;\"><i>* Den kursiverade texten \u00e4r fr\u00e5n FN:s deklaration<br \/>\nom m\u00e4nskliga r\u00e4ttigheter.<\/i><\/p>\n","protected":false},"excerpt":{"rendered":"<p>Du kan g\u00f6ra mycket via internet. I g\u00e5r kv\u00e4ll n\u00e4r jag tittade var det till exempel 2 198 personer som tackat ja p\u00e5 facebook till att manifestera i Karlstad i dag, f\u00f6r m\u00e5ngfald och mot rasism. Bra. I dag var vi \u00e4nnu tusen till som tr\u00e4ffades i Museiparken och gjorde det i verkliga livet. Manifesterade. &hellip; <a href=\"https:\/\/sven-ove.nu\/?p=7950\" class=\"more-link\">Forts\u00e4tt l\u00e4sa <span class=\"screen-reader-text\">En varmare plats p\u00e5 klotet<\/span><\/a><\/p>\n","protected":false},"author":1,"featured_media":0,"comment_status":"open","ping_status":"open","sticky":false,"template":"","format":"standard","meta":{"_crdt_document":"","_monsterinsights_skip_tracking":false,"_monsterinsights_sitenote_active":false,"_monsterinsights_sitenote_note":"","_monsterinsights_sitenote_category":0,"footnotes":""},"categories":[10,9],"tags":[8,24,18,17],"class_list":["post-7950","post","type-post","status-publish","format-standard","hentry","category-familjen","category-politik","tag-historia","tag-karlek","tag-lardomar","tag-solidaritet"],"_links":{"self":[{"href":"https:\/\/sven-ove.nu\/index.php?rest_route=\/wp\/v2\/posts\/7950","targetHints":{"allow":["GET"]}}],"collection":[{"href":"https:\/\/sven-ove.nu\/index.php?rest_route=\/wp\/v2\/posts"}],"about":[{"href":"https:\/\/sven-ove.nu\/index.php?rest_route=\/wp\/v2\/types\/post"}],"author":[{"embeddable":true,"href":"https:\/\/sven-ove.nu\/index.php?rest_route=\/wp\/v2\/users\/1"}],"replies":[{"embeddable":true,"href":"https:\/\/sven-ove.nu\/index.php?rest_route=%2Fwp%2Fv2%2Fcomments&post=7950"}],"version-history":[{"count":6,"href":"https:\/\/sven-ove.nu\/index.php?rest_route=\/wp\/v2\/posts\/7950\/revisions"}],"predecessor-version":[{"id":18928,"href":"https:\/\/sven-ove.nu\/index.php?rest_route=\/wp\/v2\/posts\/7950\/revisions\/18928"}],"wp:attachment":[{"href":"https:\/\/sven-ove.nu\/index.php?rest_route=%2Fwp%2Fv2%2Fmedia&parent=7950"}],"wp:term":[{"taxonomy":"category","embeddable":true,"href":"https:\/\/sven-ove.nu\/index.php?rest_route=%2Fwp%2Fv2%2Fcategories&post=7950"},{"taxonomy":"post_tag","embeddable":true,"href":"https:\/\/sven-ove.nu\/index.php?rest_route=%2Fwp%2Fv2%2Ftags&post=7950"}],"curies":[{"name":"wp","href":"https:\/\/api.w.org\/{rel}","templated":true}]}}