{"id":7965,"date":"2013-12-30T16:02:20","date_gmt":"2013-12-30T15:02:20","guid":{"rendered":"http:\/\/sven-ove.nu\/?p=7965"},"modified":"2013-12-31T00:45:21","modified_gmt":"2013-12-30T23:45:21","slug":"troll-och-invandrare","status":"publish","type":"post","link":"https:\/\/sven-ove.nu\/?p=7965","title":{"rendered":"Troll och invandrare"},"content":{"rendered":"<p><a href=\"https:\/\/sven-ove.nu\/wp-content\/uploads\/2013\/12\/Allas-v\u00e5rt-land.jpg\"><img loading=\"lazy\" decoding=\"async\" class=\"alignleft size-thumbnail wp-image-7966\" alt=\"Allas v\u00e5rt land\" src=\"https:\/\/sven-ove.nu\/wp-content\/uploads\/2013\/12\/Allas-v\u00e5rt-land-150x150.jpg\" width=\"150\" height=\"150\" \/><\/a>Jag brukar l\u00e4sa vad som skrivs p\u00e5 ett par antirasistiska sidor p\u00e5 facebook. Ibland skriver jag n\u00e5got enstaka inl\u00e4gg sj\u00e4lv. Det beror p\u00e5 att jag tror att alla m\u00e4nniskor har samma m\u00e4nniskov\u00e4rde och att det dessutom var tre kilometer tjock is h\u00e4r d\u00e4r jag bor f\u00f6r drygt 10 000 \u00e5r sedan. Vi \u00e4r alla invandrare.<\/p>\n<p>D\u00e5 och d\u00e5 dyker det upp s\u00e5 kallade <b>troll<\/b> i olika tr\u00e5dar p\u00e5 de h\u00e4r facebooksidorna. Nej, inte en inhemsk sorts fula sagovarelser som funnits h\u00e4r i alla tider, utan vanliga medm\u00e4nniskor. S\u00e5dana som ursprungligen h\u00e4rstammar fr\u00e5n Afrika precis som vi andra, och som har kommit invandrande n\u00e5gon g\u00e5ng efter inlandsisen. Nyss eller f\u00f6r l\u00e4nge sedan.<\/p>\n<p>Skillnaden p\u00e5 internettrollen och oss andra \u00e4r av tre slag:<br \/>\n&#8211; De tror att f\u00e4rgen p\u00e5 skinnet avg\u00f6r vad du \u00e4r v\u00e4rd.<br \/>\n&#8211; De tror p\u00e5 en eller flera myter om invandringen i Sverige.<br \/>\n&#8211; De \u00e4lskar att s\u00f6ka sig till m\u00e5ngfaldens sidor p\u00e5 n\u00e4tet och protestera mot just m\u00e5ngfalden.<\/p>\n<p><b>Fakta om invandring och invandrare<br \/>\n<\/b>H\u00e4r \u00e4r fakta f\u00f6r dig som vill ha argument n\u00e4r du ska diskutera invandringen, p\u00e5 internet eller i verkliga livet. Klicka p\u00e5 l\u00e4nkarna.<\/p>\n<p><strong>OECD:<\/strong><br \/>\n<b><a href=\"http:\/\/www.europaportalen.se\/2013\/06\/invandring-en-lonsam-affar-for-skattebetalare\">Invandring en l\u00f6nsam aff\u00e4r f\u00f6r skattebetalare<br \/>\n<\/a><\/b><i>I Sverige har dessutom migranthush\u00e5llens nettoskattebetalningar \u00f6kat under krisen medan de inf\u00f6ddas minskat. \u00a0<\/i><\/p>\n<p><strong>Regeringskansliet:<\/strong><b><br \/>\n<a href=\"http:\/\/www.regeringen.se\/sb\/d\/17468\">Vanliga p\u00e5st\u00e5enden om invandring<br \/>\n<\/a><\/b><i>De muslimska trossamfunden har cirka 110 000 medlemmar, det \u00e4r bara drygt en procent av Sveriges befolkning eller ungef\u00e4r lika m\u00e5nga som antalet medlemmar i Svenska Ishockeyf\u00f6rbundet\u2026<\/i><\/p>\n<p><strong>Research.nu:<\/strong><br \/>\n<b><a href=\"http:\/\/research.nu\/privat\/fangelse\/\">Vanligaste f\u00e5ngnamnet i svenska f\u00e4ngelser<br \/>\n<\/a><\/b><i>Det vanligaste namnet i svenska f\u00e4ngelser \u00e4r Johansson. L\u00e4s hela listan, det dr\u00f6jer l\u00e4nge innan n\u00e5got utl\u00e4ndskt namn dyker upp.<\/i><\/p>\n<p><a href=\"https:\/\/sven-ove.nu\/wp-content\/uploads\/2013\/12\/Sk\u00e4rmavbild-2013-12-30-kl.-15.34.58.png\"><img loading=\"lazy\" decoding=\"async\" class=\"size-medium wp-image-7967 alignright\" alt=\"Sk\u00e4rmavbild 2013-12-30 kl. 15.34.58\" src=\"https:\/\/sven-ove.nu\/wp-content\/uploads\/2013\/12\/Sk\u00e4rmavbild-2013-12-30-kl.-15.34.58-300x243.png\" width=\"300\" height=\"243\" srcset=\"https:\/\/sven-ove.nu\/wp-content\/uploads\/2013\/12\/Sk\u00e4rmavbild-2013-12-30-kl.-15.34.58-300x243.png 300w, https:\/\/sven-ove.nu\/wp-content\/uploads\/2013\/12\/Sk\u00e4rmavbild-2013-12-30-kl.-15.34.58.png 681w\" sizes=\"auto, (max-width: 300px) 100vw, 300px\" \/><\/a><strong>Research.nu:<\/strong><br \/>\n<b><a href=\"http:\/\/research.nu\/privat\/valdtakt\/\">Vanligaste namnen i v\u00e5ldt\u00e4ktsm\u00e5l<br \/>\n<\/a><\/b><i>De vanligaste f\u00f6rnamnen i v\u00e5ldt\u00e4ktsm\u00e5l \u00e4r, i den h\u00e4r ordningen, Andreas, Mikael, Daniel, Robert, Stefan, Sebastian, Marcus, Jimmy, Johan och Magnus.<\/i><\/p>\n<p style=\"padding-left: 30px;\"><em>Bilden till h\u00f6ger: vanligaste v\u00e5ldt\u00e4ktsnamnen.<\/em><\/p>\n","protected":false},"excerpt":{"rendered":"<p>Jag brukar l\u00e4sa vad som skrivs p\u00e5 ett par antirasistiska sidor p\u00e5 facebook. Ibland skriver jag n\u00e5got enstaka inl\u00e4gg sj\u00e4lv. Det beror p\u00e5 att jag tror att alla m\u00e4nniskor har samma m\u00e4nniskov\u00e4rde och att det dessutom var tre kilometer tjock is h\u00e4r d\u00e4r jag bor f\u00f6r drygt 10 000 \u00e5r sedan. Vi \u00e4r alla invandrare. &hellip; <a href=\"https:\/\/sven-ove.nu\/?p=7965\" class=\"more-link\">Forts\u00e4tt l\u00e4sa <span class=\"screen-reader-text\">Troll och invandrare<\/span><\/a><\/p>\n","protected":false},"author":1,"featured_media":0,"comment_status":"open","ping_status":"open","sticky":false,"template":"","format":"standard","meta":{"_crdt_document":"","_monsterinsights_skip_tracking":false,"_monsterinsights_sitenote_active":false,"_monsterinsights_sitenote_note":"","_monsterinsights_sitenote_category":0,"footnotes":""},"categories":[10,9],"tags":[8,18,14,20,17],"class_list":["post-7965","post","type-post","status-publish","format-standard","hentry","category-familjen","category-politik","tag-historia","tag-lardomar","tag-lasning","tag-rad","tag-solidaritet"],"_links":{"self":[{"href":"https:\/\/sven-ove.nu\/index.php?rest_route=\/wp\/v2\/posts\/7965","targetHints":{"allow":["GET"]}}],"collection":[{"href":"https:\/\/sven-ove.nu\/index.php?rest_route=\/wp\/v2\/posts"}],"about":[{"href":"https:\/\/sven-ove.nu\/index.php?rest_route=\/wp\/v2\/types\/post"}],"author":[{"embeddable":true,"href":"https:\/\/sven-ove.nu\/index.php?rest_route=\/wp\/v2\/users\/1"}],"replies":[{"embeddable":true,"href":"https:\/\/sven-ove.nu\/index.php?rest_route=%2Fwp%2Fv2%2Fcomments&post=7965"}],"version-history":[{"count":11,"href":"https:\/\/sven-ove.nu\/index.php?rest_route=\/wp\/v2\/posts\/7965\/revisions"}],"predecessor-version":[{"id":7978,"href":"https:\/\/sven-ove.nu\/index.php?rest_route=\/wp\/v2\/posts\/7965\/revisions\/7978"}],"wp:attachment":[{"href":"https:\/\/sven-ove.nu\/index.php?rest_route=%2Fwp%2Fv2%2Fmedia&parent=7965"}],"wp:term":[{"taxonomy":"category","embeddable":true,"href":"https:\/\/sven-ove.nu\/index.php?rest_route=%2Fwp%2Fv2%2Fcategories&post=7965"},{"taxonomy":"post_tag","embeddable":true,"href":"https:\/\/sven-ove.nu\/index.php?rest_route=%2Fwp%2Fv2%2Ftags&post=7965"}],"curies":[{"name":"wp","href":"https:\/\/api.w.org\/{rel}","templated":true}]}}