{"id":7982,"date":"2014-01-02T03:00:39","date_gmt":"2014-01-02T02:00:39","guid":{"rendered":"http:\/\/sven-ove.nu\/?p=7982"},"modified":"2013-12-31T20:18:29","modified_gmt":"2013-12-31T19:18:29","slug":"dar-grusvagen-var-som-smalast","status":"publish","type":"post","link":"https:\/\/sven-ove.nu\/?p=7982","title":{"rendered":"D\u00e4r grusv\u00e4gen var som smalast"},"content":{"rendered":"<p><a href=\"https:\/\/sven-ove.nu\/wp-content\/uploads\/2014\/01\/Sk\u00e4rmavbild-2013-12-25-kl.-12.48.131.jpg\"><img loading=\"lazy\" decoding=\"async\" class=\"size-thumbnail wp-image-7988 alignleft\" alt=\"Sk\u00e4rmavbild 2013-12-25 kl. 12.48.13\" src=\"https:\/\/sven-ove.nu\/wp-content\/uploads\/2014\/01\/Sk\u00e4rmavbild-2013-12-25-kl.-12.48.131-150x150.jpg\" width=\"150\" height=\"150\" \/><\/a>Jag \u00e4r en s\u00e5dan m\u00e4nniska som gillar\u00a0<a href=\"http:\/\/www.youtube.com\/watch?v=dbrpqWkNqyo\">Jar Jar Binks<\/a>. Nyss l\u00e4ste jag att han \u00e4r den bifigur i Star Wars som har s\u00e4mst status av dem alla. Det brukar bli s\u00e5.<\/p>\n<p><i>Brandsta City Sl\u00e4ckers &#8211;<br \/>\n<\/i><i>Thorsten Flinck &#8211;<br \/>\n<\/i><i>Philemon Arthur and the Dung &#8211;<\/i><\/p>\n<p>Glatt g\u00e5r jag fram genom livet och hittar utkantsfigurerna.\u00a0En g\u00e5ng i tiden var det utkantens folk jag cyklade hem till l\u00e4ngs grusv\u00e4garna i s\u00f6dra V\u00e4rmlands glesbygder f\u00f6r att s\u00e4lja jultidningar. De bj\u00f6d p\u00e5 kaffe och fr\u00e5gade hur det var d\u00e4r hemma.<\/p>\n<p style=\"padding-left: 30px;\"><strong><a href=\"https:\/\/sven-ove.nu\/wp-content\/uploads\/2013\/06\/Sn\u00f6k\u00e4ppen-sl\u00e5r-ut1.jpg\"><img loading=\"lazy\" decoding=\"async\" class=\"alignright size-medium wp-image-5999\" alt=\"Sn\u00f6k\u00e4ppen sl\u00e5r ut\" src=\"https:\/\/sven-ove.nu\/wp-content\/uploads\/2013\/06\/Sn\u00f6k\u00e4ppen-sl\u00e5r-ut1-179x300.jpg\" width=\"179\" height=\"300\" srcset=\"https:\/\/sven-ove.nu\/wp-content\/uploads\/2013\/06\/Sn\u00f6k\u00e4ppen-sl\u00e5r-ut1-179x300.jpg 179w, https:\/\/sven-ove.nu\/wp-content\/uploads\/2013\/06\/Sn\u00f6k\u00e4ppen-sl\u00e5r-ut1-613x1024.jpg 613w, https:\/\/sven-ove.nu\/wp-content\/uploads\/2013\/06\/Sn\u00f6k\u00e4ppen-sl\u00e5r-ut1.jpg 1552w\" sizes=\"auto, (max-width: 179px) 100vw, 179px\" \/><\/a>Jar Jar Binks har inte fr\u00e5gat det \u00e4n, men han har samma humor som originalen i norra V\u00e4se och \u00f6stra Nyed. \u00c5tminstone har han det i de Star Wars-filmer jag har sett.<\/strong><\/p>\n<p>Tro inte att jag pekar ut n\u00e5gon av tanterna och farbr\u00f6derna som bodde en bit bort.\u00a0Det vill jag inte. Det g\u00e5r f\u00f6rresten inte.\u00a0D\u00e4r grusv\u00e4gen var som smalast var varenda m\u00e4nniska original.<\/p>\n<p style=\"padding-left: 120px;\"><em>Grusv\u00e4gen p\u00e5 bilden \u00e4r inte samma som i verkligheten. V\u00e5r var mycket krokigare.<\/em><\/p>\n","protected":false},"excerpt":{"rendered":"<p>Jag \u00e4r en s\u00e5dan m\u00e4nniska som gillar\u00a0Jar Jar Binks. Nyss l\u00e4ste jag att han \u00e4r den bifigur i Star Wars som har s\u00e4mst status av dem alla. Det brukar bli s\u00e5. Brandsta City Sl\u00e4ckers &#8211; Thorsten Flinck &#8211; Philemon Arthur and the Dung &#8211; Glatt g\u00e5r jag fram genom livet och hittar utkantsfigurerna.\u00a0En g\u00e5ng i &hellip; <a href=\"https:\/\/sven-ove.nu\/?p=7982\" class=\"more-link\">Forts\u00e4tt l\u00e4sa <span class=\"screen-reader-text\">D\u00e4r grusv\u00e4gen var som smalast<\/span><\/a><\/p>\n","protected":false},"author":1,"featured_media":0,"comment_status":"open","ping_status":"open","sticky":false,"template":"","format":"standard","meta":{"_crdt_document":"","_monsterinsights_skip_tracking":false,"_monsterinsights_sitenote_active":false,"_monsterinsights_sitenote_note":"","_monsterinsights_sitenote_category":0,"footnotes":""},"categories":[10],"tags":[8,24,15],"class_list":["post-7982","post","type-post","status-publish","format-standard","hentry","category-familjen","tag-historia","tag-karlek","tag-mediedjungeln"],"_links":{"self":[{"href":"https:\/\/sven-ove.nu\/index.php?rest_route=\/wp\/v2\/posts\/7982","targetHints":{"allow":["GET"]}}],"collection":[{"href":"https:\/\/sven-ove.nu\/index.php?rest_route=\/wp\/v2\/posts"}],"about":[{"href":"https:\/\/sven-ove.nu\/index.php?rest_route=\/wp\/v2\/types\/post"}],"author":[{"embeddable":true,"href":"https:\/\/sven-ove.nu\/index.php?rest_route=\/wp\/v2\/users\/1"}],"replies":[{"embeddable":true,"href":"https:\/\/sven-ove.nu\/index.php?rest_route=%2Fwp%2Fv2%2Fcomments&post=7982"}],"version-history":[{"count":3,"href":"https:\/\/sven-ove.nu\/index.php?rest_route=\/wp\/v2\/posts\/7982\/revisions"}],"predecessor-version":[{"id":7989,"href":"https:\/\/sven-ove.nu\/index.php?rest_route=\/wp\/v2\/posts\/7982\/revisions\/7989"}],"wp:attachment":[{"href":"https:\/\/sven-ove.nu\/index.php?rest_route=%2Fwp%2Fv2%2Fmedia&parent=7982"}],"wp:term":[{"taxonomy":"category","embeddable":true,"href":"https:\/\/sven-ove.nu\/index.php?rest_route=%2Fwp%2Fv2%2Fcategories&post=7982"},{"taxonomy":"post_tag","embeddable":true,"href":"https:\/\/sven-ove.nu\/index.php?rest_route=%2Fwp%2Fv2%2Ftags&post=7982"}],"curies":[{"name":"wp","href":"https:\/\/api.w.org\/{rel}","templated":true}]}}