{"id":7990,"date":"2014-01-01T03:00:44","date_gmt":"2014-01-01T02:00:44","guid":{"rendered":"http:\/\/sven-ove.nu\/?p=7990"},"modified":"2013-12-31T20:17:07","modified_gmt":"2013-12-31T19:17:07","slug":"nytt-ar-tre-bn","status":"publish","type":"post","link":"https:\/\/sven-ove.nu\/?p=7990","title":{"rendered":"Nytt \u00e5r, tre B:n"},"content":{"rendered":"<p><a href=\"https:\/\/sven-ove.nu\/wp-content\/uploads\/2013\/12\/Kaffe-i-biblioteket.jpg\"><img loading=\"lazy\" decoding=\"async\" class=\"alignleft size-large wp-image-7991\" alt=\"Kaffe i biblioteket\" src=\"https:\/\/sven-ove.nu\/wp-content\/uploads\/2013\/12\/Kaffe-i-biblioteket-1024x768.jpg\" width=\"640\" height=\"480\" srcset=\"https:\/\/sven-ove.nu\/wp-content\/uploads\/2013\/12\/Kaffe-i-biblioteket-1024x768.jpg 1024w, https:\/\/sven-ove.nu\/wp-content\/uploads\/2013\/12\/Kaffe-i-biblioteket-300x225.jpg 300w, https:\/\/sven-ove.nu\/wp-content\/uploads\/2013\/12\/Kaffe-i-biblioteket.jpg 1600w\" sizes=\"auto, (max-width: 640px) 100vw, 640px\" \/><\/a><\/p>\n<p>OK, det \u00e4r nytt \u00e5r. Det ligger stenciler p\u00e5 s\u00e4ngarna, men vi har tre saker att g\u00f6ra:<\/p>\n<p style=\"padding-left: 30px;\"><strong>Bek\u00e4mpa fr\u00e4mlingsfientligheten.<\/strong><br \/>\n<strong>Byta regering.<\/strong><br \/>\n<strong>Bli av med koldioxidberoendet.<\/strong><\/p>\n<p>S\u00e4tt ig\u00e5ng.<br \/>\nEfter\u00e5t blir det kaffe i biblioteket.<\/p>\n","protected":false},"excerpt":{"rendered":"<p>OK, det \u00e4r nytt \u00e5r. Det ligger stenciler p\u00e5 s\u00e4ngarna, men vi har tre saker att g\u00f6ra: Bek\u00e4mpa fr\u00e4mlingsfientligheten. Byta regering. Bli av med koldioxidberoendet. S\u00e4tt ig\u00e5ng. Efter\u00e5t blir det kaffe i biblioteket.<\/p>\n","protected":false},"author":1,"featured_media":0,"comment_status":"open","ping_status":"open","sticky":false,"template":"","format":"standard","meta":{"_crdt_document":"","_monsterinsights_skip_tracking":false,"_monsterinsights_sitenote_active":false,"_monsterinsights_sitenote_note":"","_monsterinsights_sitenote_category":0,"footnotes":""},"categories":[10,9],"tags":[24,14,7,26,21,17],"class_list":["post-7990","post","type-post","status-publish","format-standard","hentry","category-familjen","category-politik","tag-karlek","tag-lasning","tag-miljo","tag-natur-2","tag-ord","tag-solidaritet"],"_links":{"self":[{"href":"https:\/\/sven-ove.nu\/index.php?rest_route=\/wp\/v2\/posts\/7990","targetHints":{"allow":["GET"]}}],"collection":[{"href":"https:\/\/sven-ove.nu\/index.php?rest_route=\/wp\/v2\/posts"}],"about":[{"href":"https:\/\/sven-ove.nu\/index.php?rest_route=\/wp\/v2\/types\/post"}],"author":[{"embeddable":true,"href":"https:\/\/sven-ove.nu\/index.php?rest_route=\/wp\/v2\/users\/1"}],"replies":[{"embeddable":true,"href":"https:\/\/sven-ove.nu\/index.php?rest_route=%2Fwp%2Fv2%2Fcomments&post=7990"}],"version-history":[{"count":2,"href":"https:\/\/sven-ove.nu\/index.php?rest_route=\/wp\/v2\/posts\/7990\/revisions"}],"predecessor-version":[{"id":7994,"href":"https:\/\/sven-ove.nu\/index.php?rest_route=\/wp\/v2\/posts\/7990\/revisions\/7994"}],"wp:attachment":[{"href":"https:\/\/sven-ove.nu\/index.php?rest_route=%2Fwp%2Fv2%2Fmedia&parent=7990"}],"wp:term":[{"taxonomy":"category","embeddable":true,"href":"https:\/\/sven-ove.nu\/index.php?rest_route=%2Fwp%2Fv2%2Fcategories&post=7990"},{"taxonomy":"post_tag","embeddable":true,"href":"https:\/\/sven-ove.nu\/index.php?rest_route=%2Fwp%2Fv2%2Ftags&post=7990"}],"curies":[{"name":"wp","href":"https:\/\/api.w.org\/{rel}","templated":true}]}}