{"id":7995,"date":"2014-01-04T03:00:02","date_gmt":"2014-01-04T02:00:02","guid":{"rendered":"http:\/\/sven-ove.nu\/?p=7995"},"modified":"2014-01-04T05:58:26","modified_gmt":"2014-01-04T04:58:26","slug":"tvarstopp-pa-hogerkanten","status":"publish","type":"post","link":"https:\/\/sven-ove.nu\/?p=7995","title":{"rendered":"Tv\u00e4rstopp p\u00e5 h\u00f6gerkanten"},"content":{"rendered":"<p><a href=\"https:\/\/sven-ove.nu\/wp-content\/uploads\/2014\/01\/Sk\u00e4rmavbild-2014-01-03-kl.-15.00.50.png\"><img loading=\"lazy\" decoding=\"async\" class=\"size-medium wp-image-7996 alignright\" alt=\"Sk\u00e4rmavbild 2014-01-03 kl. 15.00.50\" src=\"https:\/\/sven-ove.nu\/wp-content\/uploads\/2014\/01\/Sk\u00e4rmavbild-2014-01-03-kl.-15.00.50-300x225.png\" width=\"300\" height=\"225\" srcset=\"https:\/\/sven-ove.nu\/wp-content\/uploads\/2014\/01\/Sk\u00e4rmavbild-2014-01-03-kl.-15.00.50-300x225.png 300w, https:\/\/sven-ove.nu\/wp-content\/uploads\/2014\/01\/Sk\u00e4rmavbild-2014-01-03-kl.-15.00.50.png 690w\" sizes=\"auto, (max-width: 300px) 100vw, 300px\" \/><\/a>Min dator har sv\u00e5rt f\u00f6r <a href=\"http:\/\/www.nwt.se\" target=\"_blank\">Nya Wermlands-Tidningens<\/a> ledarsida. Eller s\u00e5 \u00e4lskar den den, det beror p\u00e5 hur man ser p\u00e5 saken. NWT \u00e4r den stora l\u00e4nstidningen i V\u00e4rmland, f\u00f6r dig som inte vet det. En v\u00e4lredigerad nyhetstidning med tydlig h\u00f6gerprofil p\u00e5 ledarsidan. Konservativ, om den f\u00e5r s\u00e4ga det sj\u00e4lv. F\u00f6rr kallade den sig moderat, men det var innan f\u00f6rnyaren Reinfeldt kom ig\u00e5ng p\u00e5 allvar.<\/p>\n<p style=\"padding-left: 30px;\"><strong>P\u00e5 morgonen l\u00e4ser jag tidningen p\u00e5 n\u00e4tet, f\u00f6r jobbets skull. Klickar mig fram, sida upp och sida ner. En ganska beh\u00e4ndig teknik. Men n\u00e4r jag kommer till ledarsidan \u00e4r det tv\u00e4rstopp. D\u00e4r slutar tekniken att fungera och jag blir fast och kvar. Inte g\u00e5r den att f\u00f6rstora s\u00e5 jag klarar att l\u00e4sa den heller.<\/strong><\/p>\n<p><strong>F\u00f6rkrympt och or\u00f6rlig<\/strong><br \/>\nHur rensar man en MacBook Air fr\u00e5n ett konservativt tv\u00e4rstopp p\u00e5 ledarplats? Jag vill ju kunna f\u00f6rstora och n\u00e4rl\u00e4sa men ocks\u00e5 v\u00e4nda blad och g\u00e5 vidare. Alltid p\u00e5 den sidan, alltid detta tv\u00e4ra stopp. Hur rensar man en NWT?<\/p>\n<p>&#8211; H\u00f6r p\u00e5 mig, stanna hos mig\u2026 viskar h\u00f6gerspalten v\u00e4nligt.<br \/>\n&#8211; Nej tack, det \u00e4r inte s\u00e5 inspirerande. Du \u00e4r v\u00e4ldigt f\u00f6rkrympt och or\u00f6rlig.<\/p>\n<p style=\"padding-left: 30px;\"><i><strong>Fotnot:<\/strong> allt b\u00f6rjade i slutet p\u00e5 december tror jag. S\u00e5 snart jag kom till sidan 22 i e-tidningen var det tv\u00e4rstopp, rent bokstavligt och tekniskt. Ibland ligger ledaren p\u00e5 sidan 24, d\u00e5 \u00e4r det d\u00e4r tekniken tr\u00f6ttnar. K\u00e4ra dagbok, ska jag se detta som ett omen inf\u00f6r superval\u00e5ret 2014? Hur ska tecknet i s\u00e5 fall tolkas? Har alliansen k\u00f6rt fast eller \u00e4r det Sverige som kommer att vilja stanna hos dem? Vem vet? Vilken support ska jag ringa? Carl Bildt, han har v\u00e4l dator? \u00c4r han konservativ?<\/i><\/p>\n","protected":false},"excerpt":{"rendered":"<p>Min dator har sv\u00e5rt f\u00f6r Nya Wermlands-Tidningens ledarsida. Eller s\u00e5 \u00e4lskar den den, det beror p\u00e5 hur man ser p\u00e5 saken. NWT \u00e4r den stora l\u00e4nstidningen i V\u00e4rmland, f\u00f6r dig som inte vet det. En v\u00e4lredigerad nyhetstidning med tydlig h\u00f6gerprofil p\u00e5 ledarsidan. Konservativ, om den f\u00e5r s\u00e4ga det sj\u00e4lv. F\u00f6rr kallade den sig moderat, men &hellip; <a href=\"https:\/\/sven-ove.nu\/?p=7995\" class=\"more-link\">Forts\u00e4tt l\u00e4sa <span class=\"screen-reader-text\">Tv\u00e4rstopp p\u00e5 h\u00f6gerkanten<\/span><\/a><\/p>\n","protected":false},"author":1,"featured_media":0,"comment_status":"open","ping_status":"open","sticky":false,"template":"","format":"standard","meta":{"_crdt_document":"","_monsterinsights_skip_tracking":false,"_monsterinsights_sitenote_active":false,"_monsterinsights_sitenote_note":"","_monsterinsights_sitenote_category":0,"footnotes":""},"categories":[9,4],"tags":[14,15,13],"class_list":["post-7995","post","type-post","status-publish","format-standard","hentry","category-politik","category-skrivande","tag-lasning","tag-mediedjungeln","tag-utrustning"],"_links":{"self":[{"href":"https:\/\/sven-ove.nu\/index.php?rest_route=\/wp\/v2\/posts\/7995","targetHints":{"allow":["GET"]}}],"collection":[{"href":"https:\/\/sven-ove.nu\/index.php?rest_route=\/wp\/v2\/posts"}],"about":[{"href":"https:\/\/sven-ove.nu\/index.php?rest_route=\/wp\/v2\/types\/post"}],"author":[{"embeddable":true,"href":"https:\/\/sven-ove.nu\/index.php?rest_route=\/wp\/v2\/users\/1"}],"replies":[{"embeddable":true,"href":"https:\/\/sven-ove.nu\/index.php?rest_route=%2Fwp%2Fv2%2Fcomments&post=7995"}],"version-history":[{"count":5,"href":"https:\/\/sven-ove.nu\/index.php?rest_route=\/wp\/v2\/posts\/7995\/revisions"}],"predecessor-version":[{"id":8005,"href":"https:\/\/sven-ove.nu\/index.php?rest_route=\/wp\/v2\/posts\/7995\/revisions\/8005"}],"wp:attachment":[{"href":"https:\/\/sven-ove.nu\/index.php?rest_route=%2Fwp%2Fv2%2Fmedia&parent=7995"}],"wp:term":[{"taxonomy":"category","embeddable":true,"href":"https:\/\/sven-ove.nu\/index.php?rest_route=%2Fwp%2Fv2%2Fcategories&post=7995"},{"taxonomy":"post_tag","embeddable":true,"href":"https:\/\/sven-ove.nu\/index.php?rest_route=%2Fwp%2Fv2%2Ftags&post=7995"}],"curies":[{"name":"wp","href":"https:\/\/api.w.org\/{rel}","templated":true}]}}