{"id":8001,"date":"2014-01-05T03:00:28","date_gmt":"2014-01-05T02:00:28","guid":{"rendered":"http:\/\/sven-ove.nu\/?p=8001"},"modified":"2014-01-04T23:15:11","modified_gmt":"2014-01-04T22:15:11","slug":"mjukhetens-styrka-vid-flora-gladhs-familjegrav","status":"publish","type":"post","link":"https:\/\/sven-ove.nu\/?p=8001","title":{"rendered":"Mjukhetens styrka vid Flora Gladhs familjegrav"},"content":{"rendered":"<p>Vad\u00e5 \u201d<a href=\"https:\/\/sven-ove.nu\/?p=7929\">t\u00e5rarna i \u00f6gonen och knytn\u00e4ven i fickan<\/a>\u201d? s\u00e4ger en v\u00e4n som har l\u00e4st ett av de senare inl\u00e4ggen h\u00e4r p\u00e5 bloggen. Det var mig en mj\u00e4kig inst\u00e4llning.<\/p>\n<p><a href=\"https:\/\/sven-ove.nu\/wp-content\/uploads\/2014\/01\/T\u00e5rar-och-knytn\u00e4var.jpg\"><img loading=\"lazy\" decoding=\"async\" class=\"alignleft size-medium wp-image-8002\" alt=\"T\u00e5rar och knytn\u00e4var\" src=\"https:\/\/sven-ove.nu\/wp-content\/uploads\/2014\/01\/T\u00e5rar-och-knytn\u00e4var-300x210.jpg\" width=\"300\" height=\"210\" srcset=\"https:\/\/sven-ove.nu\/wp-content\/uploads\/2014\/01\/T\u00e5rar-och-knytn\u00e4var-300x210.jpg 300w, https:\/\/sven-ove.nu\/wp-content\/uploads\/2014\/01\/T\u00e5rar-och-knytn\u00e4var.jpg 570w\" sizes=\"auto, (max-width: 300px) 100vw, 300px\" \/><\/a>Jag vet. Det kallas empati. \u00c5ker jag till Auschwitz tillsammans med ett klokt och moget g\u00e4ng antirasister, varav en f\u00f6rlorade sin familj i krematoriet vi st\u00e5r framf\u00f6r, d\u00e5 h\u00e4nder det att jag gr\u00e5ter.\u00a0Djupt och innerligt.<\/p>\n<p>Det kallas mjukhetens styrka ocks\u00e5.\u00a0<i>Den jag inte kan skratta med kan jag inte prata allvar med<\/i>, sa min kloke chef Mats Oscarsson p\u00e5 R\u00e4ddningsverket. <i>Den jag inte kan gr\u00e5ta med kan jag inte f\u00f6r\u00e4ndra v\u00e4rlden med<\/i>, s\u00e4ger jag. Inte om vi vill skapa en b\u00e4ttre v\u00e4rld. H\u00e5rda m\u00e5l kr\u00e4ver hela m\u00e4nniskor.<\/p>\n<p><b>Aldrig p\u00e5 en kyrkog\u00e5rd<br \/>\n<\/b>Nu har jag visserligen l\u00e4tt f\u00f6r att gr\u00e5ta och \u00e4nnu l\u00e4ttare f\u00f6r att skratta, s\u00e4rskilt \u00e5t dumheten. I Auschwitz finns plats f\u00f6r starka k\u00e4nslor om du har den beg\u00e5vningen. D\u00e4remot finns det s\u00e4llan plats f\u00f6r att knyta n\u00e4ven under n\u00e4san p\u00e5 n\u00e5gon eller skrika paroller. Jag g\u00f6r s\u00e4llan det p\u00e5 kyrkog\u00e5rdar.<\/p>\n<p>S\u00e5 ser vi p\u00e5 platsen, den d\u00e4r dagen.<\/p>\n<p style=\"padding-left: 30px;\"><b>Knyter n\u00e4ven synligt g\u00f6r jag med f\u00f6rdel, bildligt eller bokstavligen, n\u00e4r jag kommer hem fr\u00e5n utrotningsl\u00e4gret. Sj\u00e4lvklart ska knytn\u00e4varna upp ur fickorna d\u00e5, starka ord ska skrivas, skrikas om det beh\u00f6vs, organisation ska byggas och rasistiska \u00e5sikter bek\u00e4mpas. Inte d\u00e4rf\u00f6r att det \u00e4r s\u00f6tt och rart att g\u00f6ra det, utan f\u00f6r att det \u00e4r politiskt n\u00f6dv\u00e4ndigt n\u00e4r samtiden gl\u00f6mt sin historia.<\/b><\/p>\n<p>Men s\u00e5 fanken att jag sk\u00e4ms f\u00f6r mina t\u00e5rar och kramar vid Flora Gladhs familjegrav, krematoriet. D\u00e4r hade det varit fegt och mj\u00e4kigt att <span style=\"text-decoration: underline;\">inte<\/span> gr\u00e5ta.<\/p>\n","protected":false},"excerpt":{"rendered":"<p>Vad\u00e5 \u201dt\u00e5rarna i \u00f6gonen och knytn\u00e4ven i fickan\u201d? s\u00e4ger en v\u00e4n som har l\u00e4st ett av de senare inl\u00e4ggen h\u00e4r p\u00e5 bloggen. Det var mig en mj\u00e4kig inst\u00e4llning. Jag vet. Det kallas empati. \u00c5ker jag till Auschwitz tillsammans med ett klokt och moget g\u00e4ng antirasister, varav en f\u00f6rlorade sin familj i krematoriet vi st\u00e5r framf\u00f6r, &hellip; <a href=\"https:\/\/sven-ove.nu\/?p=8001\" class=\"more-link\">Forts\u00e4tt l\u00e4sa <span class=\"screen-reader-text\">Mjukhetens styrka vid Flora Gladhs familjegrav<\/span><\/a><\/p>\n","protected":false},"author":1,"featured_media":0,"comment_status":"open","ping_status":"open","sticky":false,"template":"","format":"standard","meta":{"_crdt_document":"","_monsterinsights_skip_tracking":false,"_monsterinsights_sitenote_active":false,"_monsterinsights_sitenote_note":"","_monsterinsights_sitenote_category":0,"footnotes":""},"categories":[6,9],"tags":[8,18,20,17],"class_list":["post-8001","post","type-post","status-publish","format-standard","hentry","category-natur","category-politik","tag-historia","tag-lardomar","tag-rad","tag-solidaritet"],"_links":{"self":[{"href":"https:\/\/sven-ove.nu\/index.php?rest_route=\/wp\/v2\/posts\/8001","targetHints":{"allow":["GET"]}}],"collection":[{"href":"https:\/\/sven-ove.nu\/index.php?rest_route=\/wp\/v2\/posts"}],"about":[{"href":"https:\/\/sven-ove.nu\/index.php?rest_route=\/wp\/v2\/types\/post"}],"author":[{"embeddable":true,"href":"https:\/\/sven-ove.nu\/index.php?rest_route=\/wp\/v2\/users\/1"}],"replies":[{"embeddable":true,"href":"https:\/\/sven-ove.nu\/index.php?rest_route=%2Fwp%2Fv2%2Fcomments&post=8001"}],"version-history":[{"count":2,"href":"https:\/\/sven-ove.nu\/index.php?rest_route=\/wp\/v2\/posts\/8001\/revisions"}],"predecessor-version":[{"id":8007,"href":"https:\/\/sven-ove.nu\/index.php?rest_route=\/wp\/v2\/posts\/8001\/revisions\/8007"}],"wp:attachment":[{"href":"https:\/\/sven-ove.nu\/index.php?rest_route=%2Fwp%2Fv2%2Fmedia&parent=8001"}],"wp:term":[{"taxonomy":"category","embeddable":true,"href":"https:\/\/sven-ove.nu\/index.php?rest_route=%2Fwp%2Fv2%2Fcategories&post=8001"},{"taxonomy":"post_tag","embeddable":true,"href":"https:\/\/sven-ove.nu\/index.php?rest_route=%2Fwp%2Fv2%2Ftags&post=8001"}],"curies":[{"name":"wp","href":"https:\/\/api.w.org\/{rel}","templated":true}]}}